{"id":2464,"date":"2013-03-28T12:00:00","date_gmt":"2013-03-28T12:00:00","guid":{"rendered":"http:\/\/haksen.org.tr\/?p=2464"},"modified":"2013-03-28T12:00:00","modified_gmt":"2013-03-28T12:00:00","slug":"baskanlar-kurulunun-istanbul-cikarmasi","status":"publish","type":"post","link":"https:\/\/haksen.org.tr\/?p=2464","title":{"rendered":"Ba\u015fkanlar Kurulu\u2019nun \u0130stanbul \u00c7\u0131karmas\u0131"},"content":{"rendered":"<p> E\u011fitim program\u0131na ,Haksen Genel Ba\u015fkan\u0131 Ayhan \u00c7ivi, E\u011fitim Hak-Sen Genel Ba\u015fkan\u0131 Hanifi G\u00f6k\u00e7ek, Sa\u011fl\u0131k Hak-Sen Genel Ba\u015fkan\u0131 Selahattin Karaca, \u0130mar Hak-Sen Genel Ba\u015fkan\u0131 \u00d6nder \u00d6zdemir, To\u00e7 Hak-Sen Genel Ba\u015fkan\u0131 Necmettin  Akarslan, Yerel Hak-Sen Genel Ba\u015fkan\u0131 Erol U\u00e7ar, Haber Hak-Sen Genel Ba\u015fkan\u0131 Y\u0131lmaz Kaya, Udem Hak-Sen Genel Ba\u015fkan\u0131 \u0130lyas Keven, Haksen Y\u00f6netim Kurulu \u00fcyeleri Erdin\u00e7 Topta\u015f ve  Umut Yanarda\u011f ile  sendikalar\u0131n \u0130stanbul temsilcileri ve \u00fcyeleri kat\u0131ld\u0131lar.<\/p>\n<p>\u0130stanbul Beyo\u011flu \u00d6\u011fretmenevi\u2019ndeki kahvalt\u0131n\u0131n ard\u0131ndan konu\u015fan Genel Ba\u015fkan Ayhan \u00c7ivi, \u0130stanbul\u2019un sendikal m\u00fccadeledeki \u00f6nemine de\u011finerek hak ve emek m\u00fccadelemizin gelece\u011fi i\u00e7in \u0130stanbul\u2019da \u00e7al\u0131\u015fmalara a\u011f\u0131rl\u0131k verilece\u011fini s\u00f6yledi.<\/p>\n<p>Sendika genel ba\u015fkanlar\u0131n\u0131n selamlama konu\u015fmalar\u0131n\u0131n ard\u0131ndan Adnan Alt\u0131parmak Sendika Okulu E\u011fitmeni Umut Yanarda\u011f sendikam\u0131z\u0131n vizyonu hakk\u0131nda sunum yapt\u0131.<\/p>\n<h2 style='margin:20px 0;'>\u0130\u00e7erik Galerisi<\/h2>\n<p><img decoding=\"async\" src=\"wp-content\/uploads\/2016\/12\/32800189.jpg\" alt=\"Ba\u015fkanlar Kurulu\u2019nun \u0130stanbul \u00c7\u0131karmas\u0131\" style=\"width:100%;\" \/><\/p>\n<p><img decoding=\"async\" src=\"wp-content\/uploads\/2016\/12\/317427081.jpg\" alt=\"Ba\u015fkanlar Kurulu\u2019nun \u0130stanbul \u00c7\u0131karmas\u0131\" style=\"width:100%;\" \/><\/p>\n<p><img decoding=\"async\" src=\"wp-content\/uploads\/2016\/12\/630516119.jpg\" alt=\"Ba\u015fkanlar Kurulu\u2019nun \u0130stanbul \u00c7\u0131karmas\u0131\" style=\"width:100%;\" \/><\/p>\n<p><img decoding=\"async\" src=\"wp-content\/uploads\/2016\/12\/765421015.jpg\" alt=\"Ba\u015fkanlar Kurulu\u2019nun \u0130stanbul \u00c7\u0131karmas\u0131\" style=\"width:100%;\" \/><\/p>\n<p><img decoding=\"async\" src=\"wp-content\/uploads\/2016\/12\/405385538.jpg\" alt=\"Ba\u015fkanlar Kurulu\u2019nun \u0130stanbul \u00c7\u0131karmas\u0131\" style=\"width:100%;\" \/><\/p>\n<p><img decoding=\"async\" src=\"wp-content\/uploads\/2016\/12\/335548732.jpg\" alt=\"Ba\u015fkanlar Kurulu\u2019nun \u0130stanbul \u00c7\u0131karmas\u0131\" style=\"width:100%;\" \/><\/p>\n<p><img decoding=\"async\" src=\"wp-content\/uploads\/2016\/12\/571454612.jpg\" alt=\"Ba\u015fkanlar Kurulu\u2019nun \u0130stanbul \u00c7\u0131karmas\u0131\" style=\"width:100%;\" \/><\/p>\n<p><img decoding=\"async\" src=\"wp-content\/uploads\/2016\/12\/790824439.jpg\" alt=\"Ba\u015fkanlar Kurulu\u2019nun \u0130stanbul \u00c7\u0131karmas\u0131\" style=\"width:100%;\" \/><\/p>\n","protected":false},"excerpt":{"rendered":"<p>Haksen Ba\u015fkanlar Kurulu, Adnan Alt\u0131parmak Sendika Okulu\u2019nun \u0130stanbul\u2019da yap\u0131lan e\u011fitim \u00e7al\u0131\u015fmas\u0131na kat\u0131ld\u0131.<\/p>\n","protected":false},"author":1,"featured_media":2465,"comment_status":"closed","ping_status":"open","sticky":false,"template":"","format":"standard","meta":{"footnotes":""},"categories":[],"tags":[],"class_list":["post-2464","post","type-post","status-publish","format-standard","has-post-thumbnail"],"_links":{"self":[{"href":"https:\/\/haksen.org.tr\/index.php?rest_route=\/wp\/v2\/posts\/2464","targetHints":{"allow":["GET"]}}],"collection":[{"href":"https:\/\/haksen.org.tr\/index.php?rest_route=\/wp\/v2\/posts"}],"about":[{"href":"https:\/\/haksen.org.tr\/index.php?rest_route=\/wp\/v2\/types\/post"}],"author":[{"embeddable":true,"href":"https:\/\/haksen.org.tr\/index.php?rest_route=\/wp\/v2\/users\/1"}],"replies":[{"embeddable":true,"href":"https:\/\/haksen.org.tr\/index.php?rest_route=%2Fwp%2Fv2%2Fcomments&post=2464"}],"version-history":[{"count":0,"href":"https:\/\/haksen.org.tr\/index.php?rest_route=\/wp\/v2\/posts\/2464\/revisions"}],"wp:featuredmedia":[{"embeddable":true,"href":"https:\/\/haksen.org.tr\/index.php?rest_route=\/wp\/v2\/media\/2465"}],"wp:attachment":[{"href":"https:\/\/haksen.org.tr\/index.php?rest_route=%2Fwp%2Fv2%2Fmedia&parent=2464"}],"wp:term":[{"taxonomy":"category","embeddable":true,"href":"https:\/\/haksen.org.tr\/index.php?rest_route=%2Fwp%2Fv2%2Fcategories&post=2464"},{"taxonomy":"post_tag","embeddable":true,"href":"https:\/\/haksen.org.tr\/index.php?rest_route=%2Fwp%2Fv2%2Ftags&post=2464"}],"curies":[{"name":"wp","href":"https:\/\/api.w.org\/{rel}","templated":true}]}}