{"id":2460,"date":"2013-03-20T12:00:00","date_gmt":"2013-03-20T12:00:00","guid":{"rendered":"http:\/\/haksen.org.tr\/?p=2460"},"modified":"2013-03-20T12:00:00","modified_gmt":"2013-03-20T12:00:00","slug":"turk-parlementerler-birligi-baskanini-ziyaret","status":"publish","type":"post","link":"https:\/\/haksen.org.tr\/?p=2460","title":{"rendered":"T\u00fcrk Parlementerler Birli\u011fi Ba\u015fkan\u0131&#8217;n\u0131 ziyaret"},"content":{"rendered":"<p>B\u00fcro Hak-Sen Genel Mali Sekreteri K\u00f6ksal K\u0131z\u0131lc\u0131\u2019n\u0131n da kat\u0131ld\u0131\u011f\u0131 ziyarette, Genel Ba\u015fkan Ayhan \u00c7ivi konfederasyonumuzun \u00e7al\u0131\u015fmalar\u0131 ve kamu g\u00f6revlilerinin sorunlar\u0131 hakk\u0131nda Ak Parti Kahramanmara\u015f Milletvekili ve T\u00fcrk Parlementerler Birli\u011fi Ba\u015fkan\u0131 Nevzat Pakdil\u2019e bilgi verdi.<\/p>\n<p>Ziyaretten duydu\u011fu memnuniyeti belirten Pakdil, konfederasyonumuzun \u00e7al\u0131\u015fmalar\u0131nda ba\u015far\u0131lar diledi.<\/p>\n<h2 style='margin:20px 0;'>\u0130\u00e7erik Galerisi<\/h2>\n<p><img decoding=\"async\" src=\"wp-content\/uploads\/2016\/12\/314249336.JPG\" alt=\"T\u00fcrk Parlementerler Birli\u011fi Ba\u015fkan\u0131'n\u0131 ziyaret\" style=\"width:100%;\" \/><\/p>\n<p><img decoding=\"async\" src=\"wp-content\/uploads\/2016\/12\/465050030.JPG\" alt=\"T\u00fcrk Parlementerler Birli\u011fi Ba\u015fkan\u0131'n\u0131 ziyaret\" style=\"width:100%;\" \/><\/p>\n","protected":false},"excerpt":{"rendered":"<p>Genel Ba\u015fkan Ayhan \u00c7ivi, T\u00fcrk Parlementerler Birli\u011fi Ba\u015fkan\u0131 Nevzat Pakdil\u2019i makam\u0131nda ziyaret etti.<\/p>\n","protected":false},"author":1,"featured_media":2461,"comment_status":"closed","ping_status":"open","sticky":false,"template":"","format":"standard","meta":{"footnotes":""},"categories":[],"tags":[],"class_list":["post-2460","post","type-post","status-publish","format-standard","has-post-thumbnail"],"_links":{"self":[{"href":"https:\/\/haksen.org.tr\/index.php?rest_route=\/wp\/v2\/posts\/2460","targetHints":{"allow":["GET"]}}],"collection":[{"href":"https:\/\/haksen.org.tr\/index.php?rest_route=\/wp\/v2\/posts"}],"about":[{"href":"https:\/\/haksen.org.tr\/index.php?rest_route=\/wp\/v2\/types\/post"}],"author":[{"embeddable":true,"href":"https:\/\/haksen.org.tr\/index.php?rest_route=\/wp\/v2\/users\/1"}],"replies":[{"embeddable":true,"href":"https:\/\/haksen.org.tr\/index.php?rest_route=%2Fwp%2Fv2%2Fcomments&post=2460"}],"version-history":[{"count":0,"href":"https:\/\/haksen.org.tr\/index.php?rest_route=\/wp\/v2\/posts\/2460\/revisions"}],"wp:featuredmedia":[{"embeddable":true,"href":"https:\/\/haksen.org.tr\/index.php?rest_route=\/wp\/v2\/media\/2461"}],"wp:attachment":[{"href":"https:\/\/haksen.org.tr\/index.php?rest_route=%2Fwp%2Fv2%2Fmedia&parent=2460"}],"wp:term":[{"taxonomy":"category","embeddable":true,"href":"https:\/\/haksen.org.tr\/index.php?rest_route=%2Fwp%2Fv2%2Fcategories&post=2460"},{"taxonomy":"post_tag","embeddable":true,"href":"https:\/\/haksen.org.tr\/index.php?rest_route=%2Fwp%2Fv2%2Ftags&post=2460"}],"curies":[{"name":"wp","href":"https:\/\/api.w.org\/{rel}","templated":true}]}}