{"id":2457,"date":"2013-03-18T12:00:00","date_gmt":"2013-03-18T12:00:00","guid":{"rendered":"http:\/\/haksen.org.tr\/?p=2457"},"modified":"2013-03-18T12:00:00","modified_gmt":"2013-03-18T12:00:00","slug":"meteoroloji-genel-mudurunu-ziyaret","status":"publish","type":"post","link":"https:\/\/haksen.org.tr\/?p=2457","title":{"rendered":"Meteoroloji Genel M\u00fcd\u00fcr\u00fc\u2019n\u00fc Ziyaret"},"content":{"rendered":"<p>Ziyarete, Haksen Hukuk Koordinat\u00f6r\u00fc Yusuf Kara\u00e7or, B\u00fcro Hak-Sen Mali Sekreteri K\u00f6ksal K\u0131z\u0131lc\u0131, Ankara 1 Nolu \u015eube Y\u00f6netim Kurulu \u00fcyesi Osman Nuri Erg\u00fcl ve Meteoroloji Kurum Temsilcisi Hatice Ba\u011fba\u015f\u0131 kat\u0131ld\u0131lar.<\/p>\n<p>Ziyarette konu\u015fan Genel Ba\u015fkan Ayhan \u00c7ivi, Meteoroloji Genel M\u00fcd\u00fcrl\u00fc\u011f\u00fcn\u00fcn merkez ve ta\u015fra te\u015fkilat\u0131nda g\u00f6rev yapan sendika \u00fcyelerimizin sorunlar\u0131n\u0131 dile getirerek \u00e7\u00f6z\u00fclmesini talep etti.<\/p>\n<p>\u0130letilen sorunlar ve Genel M\u00fcd\u00fcr say\u0131n \u0130smail G\u00fcne\u015f\u2019in a\u00e7\u0131klamalar\u0131 a\u015fa\u011f\u0131da sunulmu\u015ftur.<\/p>\n<p>1-2013 y\u0131l\u0131nda memur maa\u015flar\u0131na y\u00fczde 3+3 art\u0131\u015f yap\u0131l\u0131rken Genel M\u00fcd\u00fcrl\u00fck personelinin  yemek \u00fccretlerinin ortalama y\u00fczde 57 art\u0131\u015f g\u00f6stermesi  nedeniyle ma\u011fduriyet ya\u015fad\u0131klar\u0131, yemek \u00fccretlerinin ve yemekhanenin fiziki ko\u015fullar\u0131n\u0131n d\u00fczeltilmesi.  D\u00f6ner Sermaye \u0130\u015fletmesi b\u00fct\u00e7esinden para aktar\u0131larak personele yans\u0131yan maliyetin d\u00fc\u015f\u00fcr\u00fclebilece\u011fi \u00f6nerilmi\u015ftir. Ayr\u0131ca, di\u011fer kamu kurumlar\u0131nda da bir ara\u015ft\u0131rma yap\u0131larak maliyeti art\u0131ran nedenlerin tespit edilmesi.<\/p>\n<p>2-Yemekhane giri\u015finin  \u00f6n\u00fcndeki y\u0131\u011f\u0131lman\u0131n  \u00f6nlenmesi i\u00e7in giri\u015f ve \u00e7\u0131k\u0131\u015flar\u0131n ayr\u0131 kap\u0131lardan yap\u0131lmas\u0131.<\/p>\n<p>3-\u00d6zelle\u015ftirme nedeniyle kuruma nakledilen personelin  \u00f6nceki  hizmetlerinin de puanlamaya dahil edilerek kamp s\u0131ralamas\u0131n\u0131n belirlenmesi.<\/p>\n<p>4-B\u00f6lge M\u00fcd\u00fcrl\u00fcklerinde g\u00f6reve giden \u015fof\u00f6rlerin  mesai saatleri sonras\u0131nda ara\u00e7lar\u0131 kuruma b\u0131rakt\u0131ktan sonra evlerine gidi\u015flerinde taksi \u00fccretlerinin \u00f6denmesi.<\/p>\n<p>5-Genel M\u00fcd\u00fcrl\u00fc\u011fe Ambulans al\u0131nmas\u0131 ve doktor istihdam edilmesi,<\/p>\n<p>6-Ak\u00fc vb. kimyasallarla \u00e7al\u0131\u015fan personele koruyucu g\u0131da yard\u0131m\u0131 yap\u0131lmas\u0131,<\/p>\n<p>7-Kurum personelinin bakmakla y\u00fck\u00fcml\u00fc oldu\u011fu aile fertlerine de tan\u0131t\u0131m kart\u0131 verilerek misafirhane ve sosyal tesislerden sa\u011fl\u0131kl\u0131 bir \u015fekilde yararlanmalar\u0131n\u0131n sa\u011flanmas\u0131,<\/p>\n<p>Meteoroloji Genel M\u00fcd\u00fcr\u00fc say\u0131n \u0130smail G\u00fcne\u015f iletilen konularla ilgili olarak \u00f6zetle \u015funlar\u0131 s\u00f6yledi;<\/p>\n<p>1-\u00d6nceki y\u0131llardaki yemek maliyetlerine kurum b\u00fct\u00e7esinden yap\u0131lan desteklemenin bu y\u0131l yap\u0131lamam\u0131\u015f olmas\u0131 nedeniyle yemek fiyatlar\u0131nda art\u0131\u015f oldu\u011fu, bu konuda bir \u00e7al\u0131\u015fma yap\u0131labilece\u011fi,<\/p>\n<p>2-Yemekhaneye ikinci bir kap\u0131 a\u00e7\u0131larak y\u0131\u011f\u0131lman\u0131n \u00f6nlenmesi i\u00e7in inceleme yap\u0131laca\u011f\u0131,<\/p>\n<p>3-Kamp puanlamas\u0131ndaki uygulaman\u0131n d\u00fczeltilece\u011fi,<\/p>\n<p>4-B\u00f6lge M\u00fcd\u00fcrl\u00fcklerinde g\u00f6rev yapan \u015fof\u00f6rlerin evlerine ula\u015f\u0131m\u0131 i\u00e7in \u00f6nerimizin de\u011ferlendirilece\u011fi,<\/p>\n<p>5-Kuruma Doktor istihdam\u0131 i\u00e7in \u00e7al\u0131\u015fma yap\u0131ld\u0131\u011f\u0131  ve Ambulans al\u0131naca\u011f\u0131,<\/p>\n<p>6-Kimyasallarla \u00e7al\u0131\u015fan personel i\u00e7in \u00f6nerimizin de\u011ferlendirilece\u011fi,<\/p>\n<p>7-Kurum personelinin aile fertlerine tan\u0131t\u0131m kart\u0131 i\u00e7in \u00e7al\u0131\u015fma yap\u0131laca\u011f\u0131 belirtilmi\u015ftir.<\/p>\n<p>Ayr\u0131ca, \u00d6zelle\u015ftirme nedeniyle kuruma nakledilen sendika \u00fcyelerimiz ad\u0131na a\u00e7t\u0131\u011f\u0131m\u0131z ek \u00f6demelerin ay\u0131rca \u00f6denmesine ili\u015fkin davam\u0131z Dan\u0131\u015ftay \u0130dari Dava Daireleri Kurulunda incelenmekte olup hen\u00fcz sonu\u00e7lanmam\u0131\u015ft\u0131r.<\/p>\n<h2 style='margin:20px 0;'>\u0130\u00e7erik Galerisi<\/h2>\n<p><img decoding=\"async\" src=\"wp-content\/uploads\/2016\/12\/830101924.jpg\" alt=\"Meteoroloji Genel M\u00fcd\u00fcr\u00fc\u2019n\u00fc Ziyaret\" style=\"width:100%;\" \/><\/p>\n","protected":false},"excerpt":{"rendered":"<p>Genel Ba\u015fkan Ayhan \u00c7ivi, beraberindeki heteyle Meteoroloji Genel M\u00fcd\u00fcr\u00fc \u0130smail  G\u00fcne\u015f\u2019i makam\u0131nda ziyaret etti.<\/p>\n","protected":false},"author":1,"featured_media":2458,"comment_status":"closed","ping_status":"open","sticky":false,"template":"","format":"standard","meta":{"footnotes":""},"categories":[],"tags":[],"class_list":["post-2457","post","type-post","status-publish","format-standard","has-post-thumbnail"],"_links":{"self":[{"href":"https:\/\/haksen.org.tr\/index.php?rest_route=\/wp\/v2\/posts\/2457","targetHints":{"allow":["GET"]}}],"collection":[{"href":"https:\/\/haksen.org.tr\/index.php?rest_route=\/wp\/v2\/posts"}],"about":[{"href":"https:\/\/haksen.org.tr\/index.php?rest_route=\/wp\/v2\/types\/post"}],"author":[{"embeddable":true,"href":"https:\/\/haksen.org.tr\/index.php?rest_route=\/wp\/v2\/users\/1"}],"replies":[{"embeddable":true,"href":"https:\/\/haksen.org.tr\/index.php?rest_route=%2Fwp%2Fv2%2Fcomments&post=2457"}],"version-history":[{"count":0,"href":"https:\/\/haksen.org.tr\/index.php?rest_route=\/wp\/v2\/posts\/2457\/revisions"}],"wp:featuredmedia":[{"embeddable":true,"href":"https:\/\/haksen.org.tr\/index.php?rest_route=\/wp\/v2\/media\/2458"}],"wp:attachment":[{"href":"https:\/\/haksen.org.tr\/index.php?rest_route=%2Fwp%2Fv2%2Fmedia&parent=2457"}],"wp:term":[{"taxonomy":"category","embeddable":true,"href":"https:\/\/haksen.org.tr\/index.php?rest_route=%2Fwp%2Fv2%2Fcategories&post=2457"},{"taxonomy":"post_tag","embeddable":true,"href":"https:\/\/haksen.org.tr\/index.php?rest_route=%2Fwp%2Fv2%2Ftags&post=2457"}],"curies":[{"name":"wp","href":"https:\/\/api.w.org\/{rel}","templated":true}]}}