{"id":2454,"date":"2013-03-14T12:00:00","date_gmt":"2013-03-14T12:00:00","guid":{"rendered":"http:\/\/haksen.org.tr\/?p=2454"},"modified":"2013-03-14T12:00:00","modified_gmt":"2013-03-14T12:00:00","slug":"4-c-personeli-calisma-kapsamindadir","status":"publish","type":"post","link":"https:\/\/haksen.org.tr\/?p=2454","title":{"rendered":"4\/C Personeli \u00c7al\u0131\u015fma Kapsam\u0131ndad\u0131r"},"content":{"rendered":"<p>T\u00dc\u0130K Ankara B\u00f6lge M\u00fcd\u00fcrl\u00fc\u011f\u00fcnde yap\u0131lan bilgilendirme toplant\u0131s\u0131na kat\u0131lan Genel Ba\u015fkan Ayhan \u00c7ivi, 4\/C personelin kamu parsonel rejimiyle ilgili yap\u0131lan \u00e7al\u0131\u015fmalar\u0131n kapsam\u0131nda oldu\u011funu s\u00f6yledi.<\/p>\n<p>G\u00fcncel konularla ilgili olarak B\u00fcro Hak-Sen taraf\u0131ndan d\u00fczenlenen bilgilendirme toplant\u0131s\u0131na kat\u0131lan Genel Ba\u015fkan Ayhan \u00c7ivi, burada yapt\u0131\u011f\u0131 konu\u015fmada \u00f6nemli a\u00e7\u0131klamalar yapt\u0131.<\/p>\n<p>\u00c7al\u0131\u015fma Bakanl\u0131\u011f\u0131nca kamu personel rejiminde de\u011fi\u015fiklik yap\u0131lmas\u0131 amac\u0131yla  yap\u0131lan \u00e7al\u0131\u015fmalarla ilgili bas\u0131nda yer alan  haberlerin ger\u00e7e\u011fi yans\u0131tmad\u0131\u011f\u0131n\u0131 belirten \u00c7ivi,  kamuda farkl\u0131 stat\u00fcde \u00e7al\u0131\u015fan (4\/A,4\/B, 4\/C, s\u00f6zle\u015fmeli, kadro kar\u015f\u0131l\u0131\u011f\u0131 s\u00f6zle\u015fmeli  vb.) personelin tek bir stat\u00fc alt\u0131nda birle\u015ftirilmesinin planland\u0131\u011f\u0131n\u0131, bu nedenle 4\/C personelin de bu kapsamda de\u011ferlendirildi\u011fini s\u00f6yledi.<\/p>\n<p>4\/C stat\u00fcs\u00fc de dahil olmak \u00fczere kamuda farkl\u0131 stat\u00fcde personel \u00e7al\u0131\u015ft\u0131r\u0131lmas\u0131n\u0131n hukuki a\u00e7\u0131dan b\u00fcy\u00fck sorunlara neden oldu\u011funu vurgulayan \u00c7ivi, mevcut personel rejiminin s\u00fcrd\u00fcr\u00fclmesinin m\u00fcmk\u00fcn olmad\u0131\u011f\u0131n\u0131 belirtti.<\/p>\n<p>Yap\u0131lan \u00e7al\u0131\u015fmalarla ilgili hen\u00fcz sosyal taraflara bir bilgi ula\u015fmad\u0131\u011f\u0131n\u0131 hat\u0131rlatan \u00c7ivi, kamuoyuna yans\u0131yan de\u011ferlendirmelerin yorumdan ibaret oldu\u011funu s\u00f6yledi.<\/p>\n<p>T\u00fcrkiye \u0130statistik Kurumunun son g\u00fcnlerde bas\u0131nda yer alan hususlarla ilgili g\u00fcven kayb\u0131na u\u011frad\u0131\u011f\u0131n\u0131 belirten \u00c7ivi, yapt\u0131klar\u0131 anket sonu\u00e7lar\u0131n\u0131n bu durumu \u00e7ok \u00f6nceden tespit etti\u011fini  s\u00f6yledi.<\/p>\n<p>\u00c7ivi, T\u00dc\u0130K\u2019de verdikleri hukuk m\u00fccadelesi sonucu kazan\u0131lan haklara birilerinin sahip \u00e7\u0131kmas\u0131n\u0131n emek h\u0131rs\u0131zl\u0131\u011f\u0131 oldu\u011funu vurgulad\u0131.<\/p>\n<p>T\u00dc\u0130K 4\/C personele verilen hizmet i\u00e7i e\u011fitimin ard\u0131ndan yap\u0131lmaya \u00e7al\u0131\u015f\u0131lan merkezi s\u0131nav\u0131n 2 defa da fiyaskoyla sonu\u00e7land\u0131\u011f\u0131n\u0131 hat\u0131rlatan \u00c7ivi, tekrar yap\u0131lmas\u0131 halinde s\u0131nav\u0131n iptali i\u00e7in yarg\u0131ya ba\u015fvurulaca\u011f\u0131n\u0131 ifade etti.<\/p>\n<p>T\u00dc\u0130K\u2019de baz\u0131 4\/C personelin hi\u00e7 alana \u00e7\u0131kmazken, alana \u00e7\u0131kan personele  y\u00fcklenen i\u015f y\u00fck\u00fcn\u00fcn adalet ve vicdanla ba\u015fda\u015fmad\u0131\u011f\u0131n\u0131 s\u00f6yledi.<\/p>\n<h2 style='margin:20px 0;'>\u0130\u00e7erik Galerisi<\/h2>\n<p><img decoding=\"async\" src=\"wp-content\/uploads\/2016\/12\/407295493.jpg\" alt=\"4\/C Personeli \u00c7al\u0131\u015fma Kapsam\u0131ndad\u0131r\" style=\"width:100%;\" \/><\/p>\n","protected":false},"excerpt":{"rendered":"<p>T\u00dc\u0130K Ankara B\u00f6lge M\u00fcd\u00fcrl\u00fc\u011f\u00fcnde yap\u0131lan toplant\u0131da konu\u015fan Genel Ba\u015fkan Ayhan \u00c7ivi, 4\/C personelin de \u00e7al\u0131\u015fma kapsam\u0131nda oldu\u011funu s\u00f6yledi.<\/p>\n","protected":false},"author":1,"featured_media":2455,"comment_status":"closed","ping_status":"open","sticky":false,"template":"","format":"standard","meta":{"footnotes":""},"categories":[],"tags":[],"class_list":["post-2454","post","type-post","status-publish","format-standard","has-post-thumbnail"],"_links":{"self":[{"href":"https:\/\/haksen.org.tr\/index.php?rest_route=\/wp\/v2\/posts\/2454","targetHints":{"allow":["GET"]}}],"collection":[{"href":"https:\/\/haksen.org.tr\/index.php?rest_route=\/wp\/v2\/posts"}],"about":[{"href":"https:\/\/haksen.org.tr\/index.php?rest_route=\/wp\/v2\/types\/post"}],"author":[{"embeddable":true,"href":"https:\/\/haksen.org.tr\/index.php?rest_route=\/wp\/v2\/users\/1"}],"replies":[{"embeddable":true,"href":"https:\/\/haksen.org.tr\/index.php?rest_route=%2Fwp%2Fv2%2Fcomments&post=2454"}],"version-history":[{"count":0,"href":"https:\/\/haksen.org.tr\/index.php?rest_route=\/wp\/v2\/posts\/2454\/revisions"}],"wp:featuredmedia":[{"embeddable":true,"href":"https:\/\/haksen.org.tr\/index.php?rest_route=\/wp\/v2\/media\/2455"}],"wp:attachment":[{"href":"https:\/\/haksen.org.tr\/index.php?rest_route=%2Fwp%2Fv2%2Fmedia&parent=2454"}],"wp:term":[{"taxonomy":"category","embeddable":true,"href":"https:\/\/haksen.org.tr\/index.php?rest_route=%2Fwp%2Fv2%2Fcategories&post=2454"},{"taxonomy":"post_tag","embeddable":true,"href":"https:\/\/haksen.org.tr\/index.php?rest_route=%2Fwp%2Fv2%2Ftags&post=2454"}],"curies":[{"name":"wp","href":"https:\/\/api.w.org\/{rel}","templated":true}]}}