{"id":2452,"date":"2013-03-14T12:00:00","date_gmt":"2013-03-14T12:00:00","guid":{"rendered":"http:\/\/haksen.org.tr\/?p=2452"},"modified":"2013-03-14T12:00:00","modified_gmt":"2013-03-14T12:00:00","slug":"calisma-mustesari-fatih-acari-ziyaret","status":"publish","type":"post","link":"https:\/\/haksen.org.tr\/?p=2452","title":{"rendered":"\u00c7al\u0131\u015fma M\u00fcste\u015far\u0131 Fatih Acar\u2019\u0131 Ziyaret"},"content":{"rendered":"<p>Ziyarete  Sa\u011fl\u0131k Hak-Sen Genel Ba\u015fkan\u0131 Selahattin Karaca, Haber Hak-Sen Genel Ba\u015fkan\u0131 Y\u0131lmaz Kaya, Haksen Y\u00f6netim Kurulu \u00fcyeleri \u0130smet Ta\u015f ve Yusuf Kara\u00e7or kat\u0131ld\u0131lar<br \/>\n.<br \/>\nSosyal G\u00fcvenlik Kurumu Ba\u015fkanl\u0131\u011f\u0131\u2019ndan \u00c7al\u0131\u015fma ve Sosyal G\u00fcvenlik Bakanl\u0131\u011f\u0131 M\u00fcste\u015farl\u0131\u011f\u0131na atanan Fatih Acar\u2019\u0131  tebrik eden Genel Ba\u015fkan Ayhan \u00c7ivi, g\u00f6revinde ba\u015far\u0131lar diledi.<\/p>\n<p>\u00c7al\u0131\u015fma M\u00fcste\u015far\u0131 Fatih Acar\u2019da ziyaret nedeniyle heyete te\u015fekk\u00fcr etti. <\/p>\n","protected":false},"excerpt":{"rendered":"<p>Genel Ba\u015fkan Ayhan \u00c7ivi, bereberindeki heyetle birlikte \u00c7al\u0131\u015fma ve Sosyal G\u00fcvenlik Bakanl\u0131\u011f\u0131 M\u00fcste\u015far\u0131 Fatih Acar\u2019\u0131 makam\u0131nda ziyaret etti.<\/p>\n","protected":false},"author":1,"featured_media":2453,"comment_status":"closed","ping_status":"open","sticky":false,"template":"","format":"standard","meta":{"footnotes":""},"categories":[],"tags":[],"class_list":["post-2452","post","type-post","status-publish","format-standard","has-post-thumbnail"],"_links":{"self":[{"href":"https:\/\/haksen.org.tr\/index.php?rest_route=\/wp\/v2\/posts\/2452","targetHints":{"allow":["GET"]}}],"collection":[{"href":"https:\/\/haksen.org.tr\/index.php?rest_route=\/wp\/v2\/posts"}],"about":[{"href":"https:\/\/haksen.org.tr\/index.php?rest_route=\/wp\/v2\/types\/post"}],"author":[{"embeddable":true,"href":"https:\/\/haksen.org.tr\/index.php?rest_route=\/wp\/v2\/users\/1"}],"replies":[{"embeddable":true,"href":"https:\/\/haksen.org.tr\/index.php?rest_route=%2Fwp%2Fv2%2Fcomments&post=2452"}],"version-history":[{"count":0,"href":"https:\/\/haksen.org.tr\/index.php?rest_route=\/wp\/v2\/posts\/2452\/revisions"}],"wp:featuredmedia":[{"embeddable":true,"href":"https:\/\/haksen.org.tr\/index.php?rest_route=\/wp\/v2\/media\/2453"}],"wp:attachment":[{"href":"https:\/\/haksen.org.tr\/index.php?rest_route=%2Fwp%2Fv2%2Fmedia&parent=2452"}],"wp:term":[{"taxonomy":"category","embeddable":true,"href":"https:\/\/haksen.org.tr\/index.php?rest_route=%2Fwp%2Fv2%2Fcategories&post=2452"},{"taxonomy":"post_tag","embeddable":true,"href":"https:\/\/haksen.org.tr\/index.php?rest_route=%2Fwp%2Fv2%2Ftags&post=2452"}],"curies":[{"name":"wp","href":"https:\/\/api.w.org\/{rel}","templated":true}]}}