{"id":2442,"date":"2013-03-07T12:00:00","date_gmt":"2013-03-07T12:00:00","guid":{"rendered":"http:\/\/haksen.org.tr\/?p=2442"},"modified":"2013-03-07T12:00:00","modified_gmt":"2013-03-07T12:00:00","slug":"kazanilmis-haklarimiz-icin-eylem\r\n\r\n","status":"publish","type":"post","link":"https:\/\/haksen.org.tr\/?p=2442","title":{"rendered":"Kazan\u0131lm\u0131\u015f Haklar\u0131m\u0131z \u0130\u00e7in Eylem"},"content":{"rendered":"<p>Maliye, Adalet, \u0130\u00e7i\u015fleri Bakanl\u0131\u011f\u0131 personeli ba\u015fta olmak \u00fczere 2013 y\u0131l\u0131nda fazla \u00e7al\u0131\u015fma \u00fccretleri kesilen b\u00fcro \u00e7al\u0131\u015fanlar\u0131n\u0131n kazan\u0131lm\u0131\u015f haklar\u0131 i\u00e7in B\u00fcro Hak-Sen Maliye Bakanl\u0131\u011f\u0131 \u00f6n\u00fcnde eylem yapt\u0131.<\/p>\n<p>B\u00fcro Hak-Sen\u2019in taleplerini i\u00e7eren mektuplar\u0131n 548 milletvekiline g\u00f6nderilmek \u00fczere haz\u0131rlanan kolilerle yap\u0131lan eylemde a\u00e7\u0131klamay\u0131 B\u00fcro Hak-Sen Genel Sekreteri \u00d6zg\u00fcr Tuncer yapt\u0131.<\/p>\n<p>\u00d6zg\u00fcr Tuncer \u015funlar\u0131 s\u00f6yledi;<\/p>\n<p>Maliye \u00e7al\u0131\u015fanlar\u0131n\u0131n kazan\u0131lm\u0131\u015f haklar\u0131 her ge\u00e7en g\u00fcn geri al\u0131nmaktad\u0131r. Art\u0131k bu gidi\u015fe dur demenin zaman\u0131 geldi de ge\u00e7mektedir.  Yapt\u0131\u011f\u0131 hizmetler gelir getirici olmas\u0131na ra\u011fmen personelin gelirleri giderek azalmaktad\u0131r. <\/p>\n<p>De\u011ferli Bas\u0131n Mensuplar\u0131,<\/p>\n<p>Maliye \u00c7al\u0131\u015fanlar\u0131n\u0131n sorunlar\u0131n\u0131n \u00e7\u00f6z\u00fclmesi i\u00e7in gerekli yasal d\u00fczenlemenin yap\u0131lmas\u0131 i\u00e7in haz\u0131rlad\u0131\u011f\u0131m\u0131z mektubu ba\u015fta say\u0131n Ba\u015fbakan ve Maliye Bakan\u0131 olmak \u00fczere 548 milletvekilimize g\u00f6nderece\u011fiz.<\/p>\n<p>Mektubun i\u00e7eri\u011fini kamuoyuyla da payla\u015fma istiyorum,<\/p>\n<p>FAZLA MESA\u0130 D\u00dcZENLEMES\u0130 AC\u0130LEN YAPILMALIDIR.<\/p>\n<p>2011 y\u0131l\u0131nda y\u00fcr\u00fcrl\u00fc\u011fe konulan 666 say\u0131l\u0131 KHK ile memurlar\u0131n kazan\u0131lm\u0131\u015f haklar\u0131 elinden al\u0131nm\u0131\u015f, Maliye Bakanl\u0131\u011f\u0131nda 2012 sonu itibariyle fazla mesai uygulamas\u0131na son verilmi\u015ftir. Bunun sonucunda maliye \u00e7al\u0131\u015fan\u0131n\u0131n ayl\u0131k gelirinde ortalama 400.-TL  kay\u0131p olmu\u015ftur. Bunun yerine de maa\u015flarda herhangi bir iyile\u015ftirme yap\u0131lmam\u0131\u015ft\u0131r.  Y\u0131llard\u0131r \u00f6denen \u0131 ve b\u00fct\u00e7esine destek olan fazla mesai gelirinden mahrum b\u0131rak\u0131lmas\u0131 personeli s\u0131k\u0131nt\u0131ya sokmu\u015f ve ge\u00e7im s\u0131k\u0131nt\u0131s\u0131 daha da artm\u0131\u015ft\u0131r. Maliye \u00e7al\u0131\u015fan\u0131n\u0131n kay\u0131plar\u0131n\u0131 kar\u015f\u0131layacak \u015fekilde acilen bir d\u00fczenleme yap\u0131lmal\u0131d\u0131r. <\/p>\n<p>E\u015e\u0130T \u0130\u015eE E\u015e\u0130T \u00dcCRET TAM ANLAMIYLA UYGULANMALDIR.<\/p>\n<p>B\u00fct\u00e7e a\u00e7\u0131\u011f\u0131 var deniyor, tasarruf edelim, memura az zam verelim, bu da yetmedi fazla mesailerini kald\u0131ral\u0131m. Neden hep memurdan fedak\u00e2rl\u0131k isteniyor? Ba\u015fbakan a\u00e7\u0131kl\u0131yor bu y\u0131l T\u00fcrkiye Ekonomisi %7 b\u00fcy\u00fcd\u00fc. <\/p>\n<p>Nedense b\u00fcy\u00fcmeden hep ba\u015fkalar\u0131 faydalan\u0131yor.<br \/>\nNeden memura hi\u00e7 b\u00fcy\u00fcmeden pay verilmiyor?<br \/>\nNeden memur hep k\u00fc\u00e7\u00fcl\u00fcyor, ba\u015fkalar\u0131 b\u00fcy\u00fcyor?<br \/>\nMaliye memuru eskiden beri di\u011fer memurlardan farkl\u0131 \u00fccret almaktayd\u0131. \u00c7\u00fcnk\u00fc maliye memuru 30\u2019a yak\u0131n vergi kanunundan olu\u015fan vergi mevzuat\u0131n\u0131 uygulamakla y\u00fck\u00fcml\u00fcd\u00fcr. Bu kadar bilgi ve uzmanla\u015fmay\u0131 gerektiren bir kurum daha var m\u0131? H\u00fck\u00fcmet kamuda e\u015fit i\u015fe e\u015fit \u00fccret diye 666 say\u0131l\u0131 yasay\u0131 \u00e7\u0131kard\u0131. Sonu\u00e7lar\u0131 ortada.  Hani nerde e\u015fit i\u015f?<br \/>\nNerde e\u015fit \u00fccret?<\/p>\n<p>\u00dcCRET DENGES\u0130ZL\u0130\u011e\u0130N\u0130 G\u0130DERMEK \u0130\u00c7\u0130N MAL\u0130YE H\u0130ZMETLER\u0130 SINIFI MUTLAKA \u0130HDAS ED\u0130LMEL\u0130D\u0130R.<\/p>\n<p>Bakanl\u0131k \u00e7at\u0131s\u0131 alt\u0131nda bulunan Muhasebat Genel M\u00fcd\u00fcrl\u00fc\u011f\u00fc, Milli Emlak Genel M\u00fcd\u00fcrl\u00fc\u011f\u00fc ve Gelir \u0130daresi Ba\u015fkanl\u0131\u011f\u0131n\u0131n t\u00fcm personellerinin verdi\u011fi hizmetin temelinde PARA yatmaktad\u0131r. Bu temel sebebiyle \u00e7al\u0131\u015fanlar\u0131n hepsi mali olarak sorumluluk alt\u0131ndad\u0131r. Bu \u015fekilde parasal temelli \u00e7al\u0131\u015fan ba\u015fka hi\u00e7bir bakanl\u0131k yoktur. Mali Hizmetler S\u0131n\u0131f\u0131 olarak tan\u0131mlanmam\u0131z\u0131n bir di\u011fer \u00f6nemli gerek\u00e7esi i\u015fte bu parasal tabanl\u0131 ve mali sorumluluk i\u00e7eren \u00e7al\u0131\u015fma \u015fartlar\u0131m\u0131zd\u0131r.<\/p>\n<p>657 say\u0131l\u0131 Devlet Memurlar\u0131 Yasas\u0131 yeniden ele al\u0131n\u0131yor. Hatta bununla ilgili yak\u0131n zamanda Abant\u2019ta \u00e7al\u0131\u015ftay yap\u0131ld\u0131. Yeni d\u00fczenlemelerle maliye hizmetleri s\u0131n\u0131f\u0131 ihdas edilerek maliye \u00e7al\u0131\u015fan\u0131na hak etti\u011fi \u00f6zl\u00fck haklar\u0131n\u0131n verilmesi gerekmektedir.<\/p>\n<p>GEL\u0130R UZMANLARI VE DEFTERDARLIK UZMANLARININ MA\u011eDUR\u0130YET\u0130 G\u0130DER\u0130LMEL\u0130D\u0130R.<\/p>\n<p>A\u00e7\u0131ktan atama yoluyla s\u00fcrekli olarak kuruma Gelir Uzman\u0131 al\u0131nmaktad\u0131r. Kuruma al\u0131nan her \u00fc\u00e7 gelir uzman\u0131ndan ikisi ba\u015fka kurumlara ge\u00e7mektedir. Devletin ve kurumun kaynaklar\u0131 gereksiz yere heba olmaktad\u0131r. Bunu \u00f6nlemenin yolu, hi\u00e7bir bakanl\u0131kta olmayan merkez\u2013ta\u015fra uzman\u0131 ayr\u0131m\u0131ndan vazge\u00e7erek Gelir \u0130daresi Ba\u015fkanl\u0131\u011f\u0131 b\u00fcnyesinde \u00e7al\u0131\u015fan gelir uzmanlar\u0131na ve Maliye Bakanl\u0131\u011f\u0131 b\u00fcnyesinde \u00e7al\u0131\u015fan defterdarl\u0131k uzmanlar\u0131na hak etti\u011fi 3600 ek g\u00f6stergesinin verilmesidir.<\/p>\n<p>Bunun yan\u0131nda ayn\u0131 okullardan mezun olmu\u015f kurum i\u00e7inden \u00f6zel s\u0131navla al\u0131nan gelir uzmanlar\u0131 ile a\u00e7\u0131ktan atama yoluyla kuruma al\u0131nan gelir uzmanlar\u0131 aras\u0131ndaki kariyer ayr\u0131m\u0131 kald\u0131r\u0131lmal\u0131d\u0131r. <\/p>\n<p>G\u00d6REVDE Y\u00dcKSELMEN\u0130N \u00d6N\u00dc A\u00c7ILMALIDIR.<\/p>\n<p>Halen kurumda \u00e7al\u0131\u015fan \u00fcniversite mezunu maliye memuru, e\u011fer \u015fef de\u011filse ve gelir uzman\u0131 da de\u011filse kesinlikle y\u00fckselme \u015fans\u0131 yoktur. Bu arkada\u015flar\u0131m\u0131z ne m\u00fcd\u00fcr yard\u0131mc\u0131s\u0131 ne de m\u00fcd\u00fcr olabilmektedir. Sonraki kademelerde de benzer sorunlar ya\u015fanmaktad\u0131r. Maliye Bakanl\u0131\u011f\u0131 gibi k\u00f6kl\u00fc bir kurumda anayasada yer alan kariyer ve liyakat ilkelerine ayk\u0131r\u0131 hareket edilmektedir.<br \/>\nAyr\u0131ca kurum i\u00e7inden al\u0131nmak \u00fczere gelir uzmanl\u0131\u011f\u0131 ve defterdarl\u0131k uzmanl\u0131\u011f\u0131 s\u0131navlar\u0131 a\u00e7\u0131lmal\u0131 ve s\u00fcrekli hale getirilmelidir.<br \/>\nBu sayede;<br \/>\n-En son yap\u0131lan gelir uzmanl\u0131\u011f\u0131 s\u0131nav\u0131na hava \u015fartlar\u0131ndan dolay\u0131 s\u0131nav yerine ula\u015famay\u0131p, s\u0131nava kat\u0131lamayan,<br \/>\n-2008 y\u0131l\u0131nda \u00fcniversite mezunu olarak i\u015fe al\u0131nan ve s\u0131navlar\u0131n yap\u0131ld\u0131\u011f\u0131 tarihte \u00fc\u00e7 y\u0131ll\u0131k \u00e7al\u0131\u015fma \u015fart\u0131ndan dolay\u0131 s\u0131navlara kat\u0131lamayan,<br \/>\n-Ve halen okullar\u0131n\u0131 bitirmi\u015f, gerekli nitelikleri ta\u015f\u0131yan,<br \/>\nMAL\u0130YE \u00c7ALI\u015eANIN ma\u011fduriyeti giderilecektir. <\/p>\n<p>MEMURLAR \u0130\u00c7\u0130N EMEKL\u0130L\u0130K \u0130MK\u00c2NSIZ HALE GELM\u0130\u015eT\u0130R. <\/p>\n<p>\u00c7e\u015fitli kamu kurum ve kurulu\u015flar\u0131nda g\u00f6rev yapan emeklili\u011fine hak kazanm\u0131\u015f \u00e7e\u015fitli unvandaki memurlar\u0131n Aral\u0131k 2012 ay\u0131 \u00fccretleri ile emekli olmalar\u0131 halinde ba\u011flanacak emekli ayl\u0131klar\u0131 dikkate al\u0131narak yap\u0131lan hesaplama sonucunda memurlar\u0131n zorunlu olarak \u00e7al\u0131\u015fmay\u0131 tercih ettikleri belirlendi. Emekli olmalar\u0131 halinde halen almakta olduklar\u0131 \u00fccretin; M\u00fchendis y\u00fczde 61\u2019ini, \u015eube M\u00fcd\u00fcr\u00fc y\u00fczde 55\u2019ini, \u00d6\u011fretmen y\u00fczde 54\u2019\u00fcn\u00fc, Sa\u011fl\u0131k Memuru y\u00fczde 50\u2019sini, Gelir Uzman\u0131 y\u00fczde 42\u2019sini, Polis Memuru y\u00fczde 40\u2019\u0131n\u0131 Emekli ayl\u0131\u011f\u0131 olarak almaktad\u0131r. <\/p>\n<p>Normal \u015fartlarda 25 hizmeti bulunan bir memurun emekli olmas\u0131 halindeki ayl\u0131k ba\u011flama oran\u0131 y\u00fczde 75 olmal\u0131d\u0131r. Ek \u00f6demelerin emekli maa\u015f\u0131 hesab\u0131na d\u00e2hil edilmemesi sonucu reel olarak ayl\u0131k ba\u011flama oran\u0131 d\u00fc\u015fmektedir. Bu nedenle, kamu g\u00f6revlileri i\u00e7in emeklilik giderek hayalden de \u00f6te imk\u00e2ns\u0131z hale gelmektedir. Biz mezarda emeklilik istemiyoruz.<\/p>\n<p>N\u0130NELERDEN HEM\u015e\u0130RE, DEDELERDEN POL\u0130SLER\u0130M\u0130Z OLACAK. <\/p>\n<p>Mevcut \u00fccret politikas\u0131n\u0131n devam etmesi halinde 10 y\u0131l sonra \u00fclkemizdeki kamu hizmetlerini y\u00fcr\u00fcten personelin ya\u015f ortalamas\u0131 ciddi bi\u00e7imde y\u00fckselecektir. Hem\u015fire ninelerin, polis dedelerin ve aksakall\u0131 vergi memurlar\u0131n\u0131n olmas\u0131 ka\u00e7\u0131n\u0131lmazd\u0131r. Bu durumun \u00f6nlenmesi i\u00e7in \u00fccret politikas\u0131n\u0131n de\u011fi\u015ftirilerek, memurlara yap\u0131lan t\u00fcm \u00f6demelerin emekli ayl\u0131\u011f\u0131 hesaplanmas\u0131nda dikkate al\u0131nmas\u0131 gerekmektedir. <\/p>\n<p>DEVLET KAYIT DI\u015eI \u0130\u015eLEM YAPIYOR. <\/p>\n<p>\u00dclkemizin en \u00f6nemli sorunlardan birisi de kay\u0131t d\u0131\u015f\u0131 ekonomidir. Gelir \u0130daresi Ba\u015fkanl\u0131\u011f\u0131 hatta ge\u00e7ti\u011fimiz kas\u0131m ay\u0131nda kay\u0131t d\u0131\u015f\u0131 ekonomi ile m\u00fccadele konulu yar\u0131\u015fma da d\u00fczenlemi\u015ftir. Ama as\u0131l kay\u0131t d\u0131\u015f\u0131l\u0131\u011f\u0131 bizzat devletin kendisi yapmaktad\u0131r. Alm\u0131\u015f oldu\u011fumuz maa\u015flar\u0131n yakla\u015f\u0131k \u00fc\u00e7 de biri ek \u00f6demelerden olu\u015fmaktad\u0131r. Bu ek \u00f6demelerden ne vergi al\u0131nmakta, ne de sosyal g\u00fcvenlik primi kesilmektedir.<\/p>\n<p>DEVLET\u0130N KAYBI 5 M\u0130LYAR TL.<\/p>\n<p>Maliye Bakanl\u0131\u011f\u0131 verilerine g\u00f6re ek \u00f6demelerin yap\u0131lmaya ba\u015fland\u0131\u011f\u0131 2006 y\u0131l\u0131ndan bug\u00fcne kadar toplam 17 Milyar TL ek \u00f6deme yap\u0131lm\u0131\u015ft\u0131r. Bu \u00f6demelerden asgari y\u00fczde 15 gelir vergisi ve y\u00fczde 14 emekli sand\u0131\u011f\u0131 primi kesilmedi\u011fini g\u00f6z \u00f6n\u00fcne ald\u0131\u011f\u0131m\u0131zda Devletin gelir kayb\u0131 5 Milyar TL civar\u0131ndad\u0131r.<\/p>\n<p>Bu nedenle, ek \u00f6demelerden t\u00fcm yasal kesintilerin yap\u0131larak, emeklilik tazminat\u0131 ve emekli ayl\u0131klar\u0131na d\u00e2hil edilmesini istiyoruz.<\/p>\n<h2 style='margin:20px 0;'>\u0130\u00e7erik Galerisi<\/h2>\n<p><img decoding=\"async\" src=\"wp-content\/uploads\/2016\/12\/857938861.JPG\" alt=\"Kazan\u0131lm\u0131\u015f Haklar\u0131m\u0131z \u0130\u00e7in Eylem\n\n\" style=\"width:100%;\" \/><\/p>\n<p><img decoding=\"async\" src=\"wp-content\/uploads\/2016\/12\/753369978.JPG\" alt=\"Kazan\u0131lm\u0131\u015f Haklar\u0131m\u0131z \u0130\u00e7in Eylem\n\n\" style=\"width:100%;\" \/><\/p>\n<p><img decoding=\"async\" src=\"wp-content\/uploads\/2016\/12\/19041912.JPG\" alt=\"Kazan\u0131lm\u0131\u015f Haklar\u0131m\u0131z \u0130\u00e7in Eylem\n\n\" style=\"width:100%;\" \/><\/p>\n<p><img decoding=\"async\" src=\"wp-content\/uploads\/2016\/12\/633672784.JPG\" alt=\"Kazan\u0131lm\u0131\u015f Haklar\u0131m\u0131z \u0130\u00e7in Eylem\n\n\" style=\"width:100%;\" \/><\/p>\n","protected":false},"excerpt":{"rendered":"<p>B\u00fcro Hak-Sen 27 \u015eubat\u2019ta kazan\u0131lm\u0131\u015f haklar\u0131  elinden al\u0131nan b\u00fcro \u00e7al\u0131\u015fanlar\u0131 i\u00e7in Maliye Bakanl\u0131\u011f\u0131 \u00f6n\u00fcnde eylem yapt\u0131.<\/p>\n","protected":false},"author":1,"featured_media":2443,"comment_status":"closed","ping_status":"open","sticky":false,"template":"","format":"standard","meta":{"footnotes":""},"categories":[],"tags":[],"class_list":["post-2442","post","type-post","status-publish","format-standard","has-post-thumbnail"],"_links":{"self":[{"href":"https:\/\/haksen.org.tr\/index.php?rest_route=\/wp\/v2\/posts\/2442","targetHints":{"allow":["GET"]}}],"collection":[{"href":"https:\/\/haksen.org.tr\/index.php?rest_route=\/wp\/v2\/posts"}],"about":[{"href":"https:\/\/haksen.org.tr\/index.php?rest_route=\/wp\/v2\/types\/post"}],"author":[{"embeddable":true,"href":"https:\/\/haksen.org.tr\/index.php?rest_route=\/wp\/v2\/users\/1"}],"replies":[{"embeddable":true,"href":"https:\/\/haksen.org.tr\/index.php?rest_route=%2Fwp%2Fv2%2Fcomments&post=2442"}],"version-history":[{"count":0,"href":"https:\/\/haksen.org.tr\/index.php?rest_route=\/wp\/v2\/posts\/2442\/revisions"}],"wp:featuredmedia":[{"embeddable":true,"href":"https:\/\/haksen.org.tr\/index.php?rest_route=\/wp\/v2\/media\/2443"}],"wp:attachment":[{"href":"https:\/\/haksen.org.tr\/index.php?rest_route=%2Fwp%2Fv2%2Fmedia&parent=2442"}],"wp:term":[{"taxonomy":"category","embeddable":true,"href":"https:\/\/haksen.org.tr\/index.php?rest_route=%2Fwp%2Fv2%2Fcategories&post=2442"},{"taxonomy":"post_tag","embeddable":true,"href":"https:\/\/haksen.org.tr\/index.php?rest_route=%2Fwp%2Fv2%2Ftags&post=2442"}],"curies":[{"name":"wp","href":"https:\/\/api.w.org\/{rel}","templated":true}]}}