{"id":2440,"date":"2013-02-25T12:00:00","date_gmt":"2013-02-25T12:00:00","guid":{"rendered":"http:\/\/haksen.org.tr\/?p=2440"},"modified":"2013-02-25T12:00:00","modified_gmt":"2013-02-25T12:00:00","slug":"baskanlar-kurulu-toplandi","status":"publish","type":"post","link":"https:\/\/haksen.org.tr\/?p=2440","title":{"rendered":"Ba\u015fkanlar Kurulu Topland\u0131"},"content":{"rendered":"<p>HAKSEN Y\u00f6netim Kurulu \u00fcyeleri ile \u00fcye sendikalar\u0131n genel ba\u015fkanlar\u0131ndan olu\u015fan Ba\u015fkanlar Kurulu toplant\u0131s\u0131 tam kadroyla yap\u0131ld\u0131.<\/p>\n<p>Toplant\u0131da, sendikalar\u0131n \u00e7al\u0131\u015fmalar\u0131 ve hizmet kollar\u0131nda ya\u015fanan sorunlar masaya yat\u0131r\u0131ld\u0131.<\/p>\n<p>Genel Ba\u015fkan Ayhan \u00c7ivi, Abant&#8217;ta yap\u0131lan \u00e7al\u0131\u015ftay hakk\u0131nda ba\u015fkanlar kuruluna bilgi verdi.<\/p>\n<p>Toplant\u0131da;<\/p>\n<p> Haksen Adnan Alt\u0131parmak Sendika Okulu&#8217;nca 23 Mart 2013 tarihinde \u0130stanbul&#8217;daki temsilcilerimiz ve \u00fcyelerin kat\u0131l\u0131m\u0131 ile e\u011fitim  verlmesine,<\/p>\n<p>\u00dcyelerimize daha iyi hizmet verilebilmesi i\u00e7in genel merkezimizde part time \u00e7al\u0131\u015facak bir avukat istihdam edilmesine,<\/p>\n<p>\u00dcye sendikalar\u0131n her birinin SMS sistemi kurmalar\u0131na,<\/p>\n<p>G\u00fcndemdeki illere temsilcilikler atanmas\u0131na,<\/p>\n<p>Konfederasyon y\u00f6netim kurulundaki baz\u0131 \u00fcyelerin g\u00f6revlerinin de\u011fi\u015ftirilmesi,<\/p>\n<p>G\u00fcndemdeki di\u011fer konular g\u00f6r\u00fc\u015f\u00fcld\u00fc.<\/p>\n","protected":false},"excerpt":{"rendered":"<p>HAKSEN Ba\u015fkanlar Kurulu Genel Ba\u015fkan Ayhan \u00c7ivi ba\u015fkanl\u0131\u011f\u0131nda konfederasyon genel merkezinde topland\u0131.<\/p>\n","protected":false},"author":1,"featured_media":2441,"comment_status":"closed","ping_status":"open","sticky":false,"template":"","format":"standard","meta":{"footnotes":""},"categories":[],"tags":[],"class_list":["post-2440","post","type-post","status-publish","format-standard","has-post-thumbnail"],"_links":{"self":[{"href":"https:\/\/haksen.org.tr\/index.php?rest_route=\/wp\/v2\/posts\/2440","targetHints":{"allow":["GET"]}}],"collection":[{"href":"https:\/\/haksen.org.tr\/index.php?rest_route=\/wp\/v2\/posts"}],"about":[{"href":"https:\/\/haksen.org.tr\/index.php?rest_route=\/wp\/v2\/types\/post"}],"author":[{"embeddable":true,"href":"https:\/\/haksen.org.tr\/index.php?rest_route=\/wp\/v2\/users\/1"}],"replies":[{"embeddable":true,"href":"https:\/\/haksen.org.tr\/index.php?rest_route=%2Fwp%2Fv2%2Fcomments&post=2440"}],"version-history":[{"count":0,"href":"https:\/\/haksen.org.tr\/index.php?rest_route=\/wp\/v2\/posts\/2440\/revisions"}],"wp:featuredmedia":[{"embeddable":true,"href":"https:\/\/haksen.org.tr\/index.php?rest_route=\/wp\/v2\/media\/2441"}],"wp:attachment":[{"href":"https:\/\/haksen.org.tr\/index.php?rest_route=%2Fwp%2Fv2%2Fmedia&parent=2440"}],"wp:term":[{"taxonomy":"category","embeddable":true,"href":"https:\/\/haksen.org.tr\/index.php?rest_route=%2Fwp%2Fv2%2Fcategories&post=2440"},{"taxonomy":"post_tag","embeddable":true,"href":"https:\/\/haksen.org.tr\/index.php?rest_route=%2Fwp%2Fv2%2Ftags&post=2440"}],"curies":[{"name":"wp","href":"https:\/\/api.w.org\/{rel}","templated":true}]}}