{"id":2436,"date":"2013-02-25T12:00:00","date_gmt":"2013-02-25T12:00:00","guid":{"rendered":"http:\/\/haksen.org.tr\/?p=2436"},"modified":"2013-02-25T12:00:00","modified_gmt":"2013-02-25T12:00:00","slug":"docdrabdullatif-seneri-ziyaret","status":"publish","type":"post","link":"https:\/\/haksen.org.tr\/?p=2436","title":{"rendered":"Do\u00e7.Dr.Abd\u00fcllatif \u015eener&#8217;i Ziyaret"},"content":{"rendered":"<p>B\u00fcro Hak-Sen&#8217;in 4.Ola\u011fan Genel Kuruluna kat\u0131larak davetimize icabet eden Devlet Eski Bakan\u0131 ve Ba\u015fbakan Yard\u0131mc\u0131s\u0131 Do\u00e7.Dr. Abd\u00fcllatif \u015eener&#8217;e te\u015fekk\u00fcr eden Genel Ba\u015fkan Ayhan \u00c7ivi, sendikam\u0131z\u0131n \u00e7al\u0131\u015fmalar\u0131 hakk\u0131nda bilgi verdi.<\/p>\n<p>Haksen&#8217;in ba\u011f\u0131ms\u0131z sendikal m\u00fccadelesinin di\u011fer sendikalara da \u00f6rnek olmas\u0131 gerekti\u011finin alt\u0131n\u0131 \u00e7izen \u015eener, genel kurulda s\u00f6yledi\u011fi &#8220;haksen yular\u0131ndan ve midesinden bir yere ba\u011fl\u0131 de\u011fildir&#8221; ifadesini tekrarlad\u0131.<\/p>\n<p>G\u00f6r\u00fc\u015fmede \u00fclke g\u00fcndemine ili\u015fkin konularda kar\u015f\u0131l\u0131kl\u0131 g\u00f6r\u00fc al\u0131\u015fveri\u015finde bulunuldu.<\/p>\n<p>Ziyaretin sonunda \u015eener &#8220;Ad\u0131m da Benimle Beraber B\u00fcy\u00fcd\u00fc&#8221; adl\u0131 kitab\u0131n\u0131 imzalayarak ba\u015fkanlar kurulu \u00fcyelerine hediye etti.<\/p>\n<h2 style='margin:20px 0;'>\u0130\u00e7erik Galerisi<\/h2>\n<p><img decoding=\"async\" src=\"wp-content\/uploads\/2016\/12\/593157202.JPG\" alt=\"Do\u00e7.Dr.Abd\u00fcllatif \u015eener'i Ziyaret\" style=\"width:100%;\" \/><\/p>\n<p><img decoding=\"async\" src=\"wp-content\/uploads\/2016\/12\/34871606.JPG\" alt=\"Do\u00e7.Dr.Abd\u00fcllatif \u015eener'i Ziyaret\" style=\"width:100%;\" \/><\/p>\n","protected":false},"excerpt":{"rendered":"<p>Genel Ba\u015fkan Ayhan \u00c7ivi, konfederasyon ba\u015fkanlar kurulu \u00fcyeleriyle birlikte Do\u00e7.Dr. Abd\u00fcllatif \u015eener&#8217;i \u00e7al\u0131\u015fma ofisinde ziyaret etti.<\/p>\n","protected":false},"author":1,"featured_media":2437,"comment_status":"closed","ping_status":"open","sticky":false,"template":"","format":"standard","meta":{"footnotes":""},"categories":[],"tags":[],"class_list":["post-2436","post","type-post","status-publish","format-standard","has-post-thumbnail"],"_links":{"self":[{"href":"https:\/\/haksen.org.tr\/index.php?rest_route=\/wp\/v2\/posts\/2436","targetHints":{"allow":["GET"]}}],"collection":[{"href":"https:\/\/haksen.org.tr\/index.php?rest_route=\/wp\/v2\/posts"}],"about":[{"href":"https:\/\/haksen.org.tr\/index.php?rest_route=\/wp\/v2\/types\/post"}],"author":[{"embeddable":true,"href":"https:\/\/haksen.org.tr\/index.php?rest_route=\/wp\/v2\/users\/1"}],"replies":[{"embeddable":true,"href":"https:\/\/haksen.org.tr\/index.php?rest_route=%2Fwp%2Fv2%2Fcomments&post=2436"}],"version-history":[{"count":0,"href":"https:\/\/haksen.org.tr\/index.php?rest_route=\/wp\/v2\/posts\/2436\/revisions"}],"wp:featuredmedia":[{"embeddable":true,"href":"https:\/\/haksen.org.tr\/index.php?rest_route=\/wp\/v2\/media\/2437"}],"wp:attachment":[{"href":"https:\/\/haksen.org.tr\/index.php?rest_route=%2Fwp%2Fv2%2Fmedia&parent=2436"}],"wp:term":[{"taxonomy":"category","embeddable":true,"href":"https:\/\/haksen.org.tr\/index.php?rest_route=%2Fwp%2Fv2%2Fcategories&post=2436"},{"taxonomy":"post_tag","embeddable":true,"href":"https:\/\/haksen.org.tr\/index.php?rest_route=%2Fwp%2Fv2%2Ftags&post=2436"}],"curies":[{"name":"wp","href":"https:\/\/api.w.org\/{rel}","templated":true}]}}