{"id":2434,"date":"2013-02-22T12:00:00","date_gmt":"2013-02-22T12:00:00","guid":{"rendered":"http:\/\/haksen.org.tr\/?p=2434"},"modified":"2013-02-22T12:00:00","modified_gmt":"2013-02-22T12:00:00","slug":"4-c-personele-duyurulur","status":"publish","type":"post","link":"https:\/\/haksen.org.tr\/?p=2434","title":{"rendered":"4\/C Personele Duyurulur"},"content":{"rendered":"<p>Devlet Personel Ba\u015fkanl\u0131\u011f\u0131nca 26-27 Ocak 2013 tarihlerinde Abant\u2019ta yap\u0131lan \u201cKamu Personel Rejiminin Sorunlar\u0131, \u00c7\u00f6z\u00fcm \u00d6nerileri ve  2023 Vizyonu\u201d konulu \u00e7al\u0131\u015ftay\u0131n ard\u0131ndan kamudaki s\u00f6zle\u015fmeli personelin kadroya al\u0131naca\u011f\u0131 y\u00f6n\u00fcndeki  bas\u0131na yans\u0131yan   haberler \u00fczerine 4\/C personel taraf\u0131ndan  yap\u0131lan \u00e7al\u0131\u015fmalar\u0131n i\u00e7eri\u011fiyle ilgili  sendikam\u0131za yo\u011fun bi\u00e7imde  sorular sorulmaktad\u0131r. <\/p>\n<p>Bug\u00fcne kadar oldu\u011fu gibi \u00e7al\u0131\u015fanlar\u0131n en sa\u011fl\u0131kl\u0131 ve do\u011fru bir \u015fekilde bilgilendirilmesi i\u00e7in a\u00e7\u0131klama gere\u011fi ortaya \u00e7\u0131km\u0131\u015ft\u0131r.<\/p>\n<p>Bilindi\u011fi gibi  Haksen , 4\/C dahil t\u00fcm s\u00f6zle\u015fmeli personele kadro verilmesi konusunda ba\u015ftan beri \u0131srarl\u0131 bir \u015fekilde konuyu g\u00fcndeme getirmi\u015ftir.<\/p>\n<p>Ba\u015fta  4\/C nin iptali i\u00e7in s\u00fcrd\u00fcrd\u00fc\u011f\u00fcm\u00fcz i\u00e7 hukuk m\u00fccadelesinin ard\u0131ndan Avrupa \u0130nsan Haklar\u0131 Mahkemesine yapt\u0131\u011f\u0131m\u0131z ba\u015fvuru olmak \u00fczere, 4\/C personele y\u00f6nelik yasal olmayan  i\u015flemlere kar\u015f\u0131 verdi\u011fimiz  hukuk m\u00fccadelesi, eylem ve etkinliklerle 4\/C personelin sorunlar\u0131n\u0131n \u00e7\u00f6z\u00fclmesi i\u00e7in verdi\u011fimiz demokratik m\u00fccadele herkesce bilinmektedir.<\/p>\n<p>Sendikam\u0131z ko\u015fulsuz ve \u015farts\u0131z t\u00fcm 4\/C personelin kadroya ge\u00e7irilmesini talep etmi\u015ftir. Zaman zaman 4\/C personelin 4\/B stat\u00fcs\u00fcne ge\u00e7irilmesi y\u00f6n\u00fcndeki s\u00f6ylemlere de itibar etmemi\u015ftir.<\/p>\n<p>Son olarak Abant\u2019ta yap\u0131lan \u00e7al\u0131\u015ftaya konfederasyonumuzu temsilen kat\u0131lan Genel Ba\u015fkan Ayhan \u00c7ivi, \u00e7al\u0131\u015ftayda yapt\u0131\u011f\u0131 konu\u015fmalarla bu talebimizi a\u00e7\u0131k ve net bir \u015fekilde yetkililere iletmi\u015ftir. <\/p>\n<p>\u00c7al\u0131\u015ftay\u0131n ard\u0131ndan 28 Ocak 2013 tarihinde yap\u0131lan Bakanlar Kurulu toplant\u0131s\u0131nda \u00c7al\u0131\u015fma ve Sosyal G\u00fcvenlik Bakan\u0131 say\u0131n Faruk \u00c7elik taraf\u0131ndan \u00e7al\u0131\u015ftaya ili\u015fkin bir sunum yap\u0131ld\u0131\u011f\u0131 yine taraf\u0131m\u0131zdan duyurulmu\u015ftu.<\/p>\n<p>Daha sonraki g\u00fcnlerde s\u00f6z konusu sunum hakk\u0131nda  baz\u0131 gazetelerde yer alan haberlerde baz\u0131 say\u0131lar verilerek s\u00f6zle\u015fmeli personelin kadroya ge\u00e7irilece\u011fi belitilmi\u015ftir.<\/p>\n<p>Bu haberlerin hi\u00e7birisinde do\u011frudan do\u011fruya yetkililerin herhangi bir beyanat\u0131 olmadan baz\u0131  kulis de\u011ferlendirmelerine yer verilmi\u015ftir.<br \/>\nBu haberlerde, kimi zaman 175 bin, 156 bin, 100 bin , 80 bin s\u00f6zle\u015fmeli personele kadro verilece\u011fi belitilmi\u015ftir.<\/p>\n<p>Do\u011fal olarak, 4\/C personel de bu belirtilen say\u0131lara kendilerinin de dahil olup olmad\u0131\u011f\u0131n\u0131 sorgulamaktad\u0131r.<\/p>\n<p>\u00d6zellikle ve \u00f6nemle belirtmek isteriz ki, bu say\u0131lar\u0131n hi\u00e7birisi resmi makamlardan al\u0131nm\u0131\u015f de\u011fildir.<\/p>\n<p>T\u0131pk\u0131 \u00fclkemizde 45 bin 4\/C personel \u00e7al\u0131\u015ft\u0131\u011f\u0131n\u0131n yaz\u0131ld\u0131\u011f\u0131 gibi. Halbu ki halen  \u00fclkemizde t\u00fcm kamu kurum ve kurulu\u015flar\u0131nda  toplam 25 bin civar\u0131nda 4\/C personel   \u00e7al\u0131\u015ft\u0131r\u0131lmaktd\u0131r.<\/p>\n<p>Bu nedenle belirtilen say\u0131lara itibar edilmemesi gerekmeltedir.<\/p>\n<p>Di\u011fer taraftan, belediyelerde \u00e7al\u0131\u015fan s\u00f6zle\u015fmeli personelin kadroya ge\u00e7irilece\u011fi konusunda bir \u00e7al\u0131\u015fman\u0131n yap\u0131ld\u0131\u011f\u0131 yetkili makamlarca a\u00e7\u0131klanm\u0131\u015ft\u0131r.<\/p>\n<p>Ancak, Abant\u2019ta yap\u0131lan \u00e7al\u0131\u015ftay\u2019da yetkililer taraf\u0131ndan yap\u0131lan a\u00e7\u0131klamalarda, 657 say\u0131l\u0131 Yasa\u2019daki genel d\u00fczenlemeler kapsam\u0131nda ,  4\/C dahil olmak \u00fczere kamudaki farkl\u0131 \u00e7al\u0131\u015fma stat\u00fclerinin teke indirilmesinin ama\u00e7land\u0131\u011f\u0131 ifade edilmi\u015ftir.<\/p>\n<p>Bu kapsamda, 657 say\u0131l\u0131 Yasa\u2019da de\u011fi\u015fiklik yap\u0131lmas\u0131na ili\u015fkin farkl\u0131 taslaklar haz\u0131rlanmakta olup, bu taslaklar konfederasyonlar\u0131n g\u00f6r\u00fc\u015flerine sunulacakt\u0131r. <\/p>\n<p>Bu \u00e7al\u0131\u015fmalarda 4\/C personelin de kadroya ge\u00e7irilmesi konusu bulunmaktad\u0131r.<\/p>\n<p>Bu \u00e7al\u0131\u015fmalar\u0131n i\u00e7eri\u011fi konusunda herhangi bir s\u00f6ylemek i\u00e7in ancak bizlere sunulmas\u0131 gerekmektedir.<\/p>\n<p>Ne zaman g\u00fcndeme gelece\u011fi veya ger\u00e7ekle\u015fece\u011fi h\u00fck\u00fcmetin iradesinde olmakla birlikte sendikam\u0131z bu konunun takip\u00e7isi olmaya devam edecektir.<\/p>\n","protected":false},"excerpt":{"rendered":"<p>H\u00fck\u00fcmet taraf\u0131ndan kamudaki farkl\u0131 \u00e7al\u0131\u015fma  stat\u00fclerinin kald\u0131r\u0131lmas\u0131 konusundaki \u00e7al\u0131\u015fmalar\u0131 hakk\u0131nda a\u00e7\u0131klama.<\/p>\n","protected":false},"author":1,"featured_media":2435,"comment_status":"closed","ping_status":"open","sticky":false,"template":"","format":"standard","meta":{"footnotes":""},"categories":[],"tags":[],"class_list":["post-2434","post","type-post","status-publish","format-standard","has-post-thumbnail"],"_links":{"self":[{"href":"https:\/\/haksen.org.tr\/index.php?rest_route=\/wp\/v2\/posts\/2434","targetHints":{"allow":["GET"]}}],"collection":[{"href":"https:\/\/haksen.org.tr\/index.php?rest_route=\/wp\/v2\/posts"}],"about":[{"href":"https:\/\/haksen.org.tr\/index.php?rest_route=\/wp\/v2\/types\/post"}],"author":[{"embeddable":true,"href":"https:\/\/haksen.org.tr\/index.php?rest_route=\/wp\/v2\/users\/1"}],"replies":[{"embeddable":true,"href":"https:\/\/haksen.org.tr\/index.php?rest_route=%2Fwp%2Fv2%2Fcomments&post=2434"}],"version-history":[{"count":0,"href":"https:\/\/haksen.org.tr\/index.php?rest_route=\/wp\/v2\/posts\/2434\/revisions"}],"wp:featuredmedia":[{"embeddable":true,"href":"https:\/\/haksen.org.tr\/index.php?rest_route=\/wp\/v2\/media\/2435"}],"wp:attachment":[{"href":"https:\/\/haksen.org.tr\/index.php?rest_route=%2Fwp%2Fv2%2Fmedia&parent=2434"}],"wp:term":[{"taxonomy":"category","embeddable":true,"href":"https:\/\/haksen.org.tr\/index.php?rest_route=%2Fwp%2Fv2%2Fcategories&post=2434"},{"taxonomy":"post_tag","embeddable":true,"href":"https:\/\/haksen.org.tr\/index.php?rest_route=%2Fwp%2Fv2%2Ftags&post=2434"}],"curies":[{"name":"wp","href":"https:\/\/api.w.org\/{rel}","templated":true}]}}