{"id":2416,"date":"2013-02-22T12:00:00","date_gmt":"2013-02-22T12:00:00","guid":{"rendered":"http:\/\/haksen.org.tr\/?p=2416"},"modified":"2013-02-22T12:00:00","modified_gmt":"2013-02-22T12:00:00","slug":"calisanlarin-yargi-paketi-aciklandi","status":"publish","type":"post","link":"https:\/\/haksen.org.tr\/?p=2416","title":{"rendered":"\u00c7al\u0131\u015fanlar\u0131n &#8220;Yarg\u0131 Paketi&#8221; A\u00e7\u0131kland\u0131"},"content":{"rendered":"<p>B\u00fcro \u00c7al\u0131\u015fanlar\u0131 Hak Sendikas\u0131 (B\u00fcro Hak-Sen) Genel Te\u015fkilatland\u0131rma Sekreteri Cevdet Telefoncu, yarg\u0131 \u00e7al\u0131\u015fanlar\u0131 i\u00e7in haz\u0131rlad\u0131klar\u0131 yarg\u0131 paketini, Ba\u015fbakan Recep Tayyip Erdo\u011fan&#8217;a ve Adalet Bakan\u0131 Sadullah Ergin&#8217;e postalad\u0131.<\/p>\n<p>Telefoncu, PTT \u00f6n\u00fcnde yapt\u0131\u011f\u0131 bas\u0131n a\u00e7\u0131klamas\u0131nda, g\u00f6rev yapan yarg\u0131 \u00e7al\u0131\u015fanlar\u0131n\u0131n kaliteli ya\u015fam standard\u0131na ula\u015ft\u0131r\u0131lmas\u0131, \u00fccretlerinin adil olarak belirlenmesi ve adil \u00fccret politikas\u0131n\u0131n yarat\u0131lmas\u0131 i\u00e7in yeni d\u00fczenleme yap\u0131lmas\u0131 gerekti\u011fini s\u00f6yledi.<\/p>\n<p>Yarg\u0131 \u00e7al\u0131\u015fanlar\u0131n\u0131n serbest ula\u015f\u0131m kartlar\u0131n\u0131n kald\u0131r\u0131ld\u0131\u011f\u0131n\u0131 hat\u0131rlatan Telefoncu, g\u00fcvenliklerin gerek\u00e7e g\u00f6sterilerek hakim ve savc\u0131lara sa\u011flanan servislerin, yarg\u0131 \u00e7al\u0131\u015fanlar\u0131 i\u00e7in de sa\u011flanmas\u0131 gerekti\u011fini ifade etti.<\/p>\n<p>Yarg\u0131 \u00e7al\u0131\u015fanlar\u0131n\u0131n sorunlar\u0131n\u0131 ve taleplerini i\u00e7eren 12 maddelik yarg\u0131 paketini haz\u0131rlad\u0131klar\u0131n\u0131 belirten Telefoncu, \u015funlar\u0131 kaydetti:<\/p>\n<p>&#8220;Haz\u0131rlad\u0131\u011f\u0131m\u0131z yarg\u0131 paketi, fazla \u00e7al\u0131\u015fma \u00fccretlerinin bir an \u00f6nce \u00f6denmesi, serbest ula\u015f\u0131m kartlar\u0131n\u0131n iadesi, adalet hizmetleri tazminat\u0131n\u0131n art\u0131r\u0131lmas\u0131, yemek \u00fccretlerinin \u00e7al\u0131\u015fanlara \u00fccretsiz verilmesi, adalet hizmetleri s\u0131n\u0131f\u0131n\u0131n olu\u015fturularak 657 say\u0131l\u0131 Devlet Memurlar\u0131 Kanunu&#8217;na konulmas\u0131, adalet uzmanl\u0131\u011f\u0131 kadrolar\u0131na yap\u0131lacak atamalar\u0131n halen \u00e7al\u0131\u015fan ve e\u011fitim ko\u015fulunu ta\u015f\u0131yan yarg\u0131 \u00e7al\u0131\u015fanlar\u0131ndan atanmas\u0131, UYAP&#8217;dan elde edilen SMS gelirleri ile har\u00e7 ve dosyalardan elde edilen gelirlerden d\u00f6ner sermaye olu\u015fturulmas\u0131, yaz\u0131 i\u015fleri ve \u015fube m\u00fcd\u00fcrlerinin ek g\u00f6stergelerinin y\u00fckseltilmesi, m\u00fcba\u015firlerin genel idare hizmetleri s\u0131n\u0131f\u0131na al\u0131nmas\u0131, 4\/C&#8217;li \u00e7al\u0131\u015fanlara kadro verilmesi ve banko promosyonlar\u0131n e\u015fit da\u011f\u0131t\u0131lmas\u0131 maddelerinden olu\u015fuyor.&#8221;<\/p>\n<h2 style='margin:20px 0;'>\u0130\u00e7erik Galerisi<\/h2>\n<p><img decoding=\"async\" src=\"wp-content\/uploads\/2016\/12\/253630554.JPG\" alt=\"\u00c7al\u0131\u015fanlar\u0131n \"Yarg\u0131 Paketi\" A\u00e7\u0131kland\u0131\" style=\"width:100%;\" \/><\/p>\n<p><img decoding=\"async\" src=\"wp-content\/uploads\/2016\/12\/382762590.JPG\" alt=\"\u00c7al\u0131\u015fanlar\u0131n \"Yarg\u0131 Paketi\" A\u00e7\u0131kland\u0131\" style=\"width:100%;\" \/><\/p>\n<p><img decoding=\"async\" src=\"wp-content\/uploads\/2016\/12\/538181383.JPG\" alt=\"\u00c7al\u0131\u015fanlar\u0131n \"Yarg\u0131 Paketi\" A\u00e7\u0131kland\u0131\" style=\"width:100%;\" \/><\/p>\n<p><img decoding=\"async\" src=\"wp-content\/uploads\/2016\/12\/414561634.JPG\" alt=\"\u00c7al\u0131\u015fanlar\u0131n \"Yarg\u0131 Paketi\" A\u00e7\u0131kland\u0131\" style=\"width:100%;\" \/><\/p>\n<p><img decoding=\"async\" src=\"wp-content\/uploads\/2016\/12\/405994602.JPG\" alt=\"\u00c7al\u0131\u015fanlar\u0131n \"Yarg\u0131 Paketi\" A\u00e7\u0131kland\u0131\" style=\"width:100%;\" \/><\/p>\n<p><img decoding=\"async\" src=\"wp-content\/uploads\/2016\/12\/329735312.JPG\" alt=\"\u00c7al\u0131\u015fanlar\u0131n \"Yarg\u0131 Paketi\" A\u00e7\u0131kland\u0131\" style=\"width:100%;\" \/><\/p>\n<p><img decoding=\"async\" src=\"wp-content\/uploads\/2016\/12\/731843650.JPG\" alt=\"\u00c7al\u0131\u015fanlar\u0131n \"Yarg\u0131 Paketi\" A\u00e7\u0131kland\u0131\" style=\"width:100%;\" \/><\/p>\n<p><img decoding=\"async\" src=\"wp-content\/uploads\/2016\/12\/155635136.JPG\" alt=\"\u00c7al\u0131\u015fanlar\u0131n \"Yarg\u0131 Paketi\" A\u00e7\u0131kland\u0131\" style=\"width:100%;\" \/><\/p>\n<p><img decoding=\"async\" src=\"wp-content\/uploads\/2016\/12\/198250651.JPG\" alt=\"\u00c7al\u0131\u015fanlar\u0131n \"Yarg\u0131 Paketi\" A\u00e7\u0131kland\u0131\" style=\"width:100%;\" \/><\/p>\n<p><img decoding=\"async\" src=\"wp-content\/uploads\/2016\/12\/243395399.JPG\" alt=\"\u00c7al\u0131\u015fanlar\u0131n \"Yarg\u0131 Paketi\" A\u00e7\u0131kland\u0131\" style=\"width:100%;\" \/><\/p>\n<p><img decoding=\"async\" src=\"wp-content\/uploads\/2016\/12\/579551576.JPG\" alt=\"\u00c7al\u0131\u015fanlar\u0131n \"Yarg\u0131 Paketi\" A\u00e7\u0131kland\u0131\" style=\"width:100%;\" \/><\/p>\n","protected":false},"excerpt":{"rendered":"<p>B\u00fcro Hak-Sen taraf\u0131ndan yap\u0131lan eylemde \u00e7al\u0131\u015fanlar\u0131n &#8220;yarg\u0131 paketini&#8221; Ba\u015fbakan ve Adalet Bakan\u0131na postaland\u0131.<\/p>\n","protected":false},"author":1,"featured_media":2423,"comment_status":"closed","ping_status":"open","sticky":false,"template":"","format":"standard","meta":{"footnotes":""},"categories":[],"tags":[],"class_list":["post-2416","post","type-post","status-publish","format-standard","has-post-thumbnail"],"_links":{"self":[{"href":"https:\/\/haksen.org.tr\/index.php?rest_route=\/wp\/v2\/posts\/2416","targetHints":{"allow":["GET"]}}],"collection":[{"href":"https:\/\/haksen.org.tr\/index.php?rest_route=\/wp\/v2\/posts"}],"about":[{"href":"https:\/\/haksen.org.tr\/index.php?rest_route=\/wp\/v2\/types\/post"}],"author":[{"embeddable":true,"href":"https:\/\/haksen.org.tr\/index.php?rest_route=\/wp\/v2\/users\/1"}],"replies":[{"embeddable":true,"href":"https:\/\/haksen.org.tr\/index.php?rest_route=%2Fwp%2Fv2%2Fcomments&post=2416"}],"version-history":[{"count":0,"href":"https:\/\/haksen.org.tr\/index.php?rest_route=\/wp\/v2\/posts\/2416\/revisions"}],"wp:featuredmedia":[{"embeddable":true,"href":"https:\/\/haksen.org.tr\/index.php?rest_route=\/wp\/v2\/media\/2423"}],"wp:attachment":[{"href":"https:\/\/haksen.org.tr\/index.php?rest_route=%2Fwp%2Fv2%2Fmedia&parent=2416"}],"wp:term":[{"taxonomy":"category","embeddable":true,"href":"https:\/\/haksen.org.tr\/index.php?rest_route=%2Fwp%2Fv2%2Fcategories&post=2416"},{"taxonomy":"post_tag","embeddable":true,"href":"https:\/\/haksen.org.tr\/index.php?rest_route=%2Fwp%2Fv2%2Ftags&post=2416"}],"curies":[{"name":"wp","href":"https:\/\/api.w.org\/{rel}","templated":true}]}}