{"id":2414,"date":"2013-02-06T12:00:00","date_gmt":"2013-02-06T12:00:00","guid":{"rendered":"http:\/\/haksen.org.tr\/?p=2414"},"modified":"2013-02-06T12:00:00","modified_gmt":"2013-02-06T12:00:00","slug":"mhp-trabzon-milletvekili-koray-aydini-ziyaret","status":"publish","type":"post","link":"https:\/\/haksen.org.tr\/?p=2414","title":{"rendered":"MHP Trabzon Milletvekili Koray Ayd\u0131n\u2019\u0131 ziyaret"},"content":{"rendered":"<p>Nezaket ziyaretinde, E\u011fitim Hak-Sen Genel Ba\u015fkan\u0131 Hanifi G\u00f6k\u00e7ek, Sa\u011fl\u0131k Hak-Sen Genel Ba\u015fkan\u0131 Selahattin Karaca, UDEM Hak-Sen\u2019den Suat Y\u0131kmaz kat\u0131ld\u0131lar. <\/p>\n<p>Genel Ba\u015fkan Ayhan \u00c7ivi, sendikam\u0131z\u0131n \u00e7al\u0131\u015fmalar\u0131 hakk\u0131nda a\u00e7\u0131klamalar yapt\u0131. <\/p>\n<p>57.H\u00fck\u00fcmette  Bay\u0131nd\u0131rl\u0131k ve \u0130skan Bakanl\u0131\u011f\u0131 yapan  MHP Trabzon Milletvekili Koray Ayd\u0131n da ziyaret nedeniyle duydu\u011fu memnuniyeti belirterek \u00e7al\u0131\u015fmalar\u0131m\u0131zda ba\u015far\u0131lar diledi. <\/p>\n","protected":false},"excerpt":{"rendered":"<p>Genel Ba\u015fkan Ayhan \u00c7ivi, beraberindeki, heyetle birlikte Eski Bay\u0131nd\u0131rl\u0131k Bakan\u0131 ve  MHP Trabzon Milletvekili Koray Ayd\u0131n\u2019\u0131 \u00e7al\u0131\u015fma ofisinde ziyaret etti<\/p>\n","protected":false},"author":1,"featured_media":2415,"comment_status":"closed","ping_status":"open","sticky":false,"template":"","format":"standard","meta":{"footnotes":""},"categories":[],"tags":[],"class_list":["post-2414","post","type-post","status-publish","format-standard","has-post-thumbnail"],"_links":{"self":[{"href":"https:\/\/haksen.org.tr\/index.php?rest_route=\/wp\/v2\/posts\/2414","targetHints":{"allow":["GET"]}}],"collection":[{"href":"https:\/\/haksen.org.tr\/index.php?rest_route=\/wp\/v2\/posts"}],"about":[{"href":"https:\/\/haksen.org.tr\/index.php?rest_route=\/wp\/v2\/types\/post"}],"author":[{"embeddable":true,"href":"https:\/\/haksen.org.tr\/index.php?rest_route=\/wp\/v2\/users\/1"}],"replies":[{"embeddable":true,"href":"https:\/\/haksen.org.tr\/index.php?rest_route=%2Fwp%2Fv2%2Fcomments&post=2414"}],"version-history":[{"count":0,"href":"https:\/\/haksen.org.tr\/index.php?rest_route=\/wp\/v2\/posts\/2414\/revisions"}],"wp:featuredmedia":[{"embeddable":true,"href":"https:\/\/haksen.org.tr\/index.php?rest_route=\/wp\/v2\/media\/2415"}],"wp:attachment":[{"href":"https:\/\/haksen.org.tr\/index.php?rest_route=%2Fwp%2Fv2%2Fmedia&parent=2414"}],"wp:term":[{"taxonomy":"category","embeddable":true,"href":"https:\/\/haksen.org.tr\/index.php?rest_route=%2Fwp%2Fv2%2Fcategories&post=2414"},{"taxonomy":"post_tag","embeddable":true,"href":"https:\/\/haksen.org.tr\/index.php?rest_route=%2Fwp%2Fv2%2Ftags&post=2414"}],"curies":[{"name":"wp","href":"https:\/\/api.w.org\/{rel}","templated":true}]}}