{"id":2376,"date":"2013-02-05T12:00:00","date_gmt":"2013-02-05T12:00:00","guid":{"rendered":"http:\/\/haksen.org.tr\/?p=2376"},"modified":"2013-02-05T12:00:00","modified_gmt":"2013-02-05T12:00:00","slug":"buro-hak-sen-tek-yurek-oldu","status":"publish","type":"post","link":"https:\/\/haksen.org.tr\/?p=2376","title":{"rendered":"B\u00fcro Hak-Sen Tek Y\u00fcrek Oldu"},"content":{"rendered":"<p>Sendika \u00fcyelerinin yo\u011fun ilgisinde \u0130lci Residence Hotel ger\u00e7ekle\u015fen genel kurula Eski Devlet Bakan\u0131 ve Ba\u015fbakan Yard\u0131mc\u0131s\u0131 Abd\u00fcllatif \u015eener, CHP Genel Ba\u015fkan Yard\u0131mc\u0131s\u0131 Yakup Akkaya, DSP Genel Sayman\u0131 Y\u00fcksel Erdo\u011fan, Gelir Uzmanlar\u0131 ve Yard\u0131mc\u0131lar\u0131 Derne\u011fi Genel Ba\u015fkan\u0131 Ferhat \u00dclk\u00fc, Ni\u011fde Dernekler Federasyonu Genel Ba\u015fkan\u0131 Hafize \u015eahiner, Ankara Memurlar Kooperatifi Ba\u015fkan\u0131 Ayhan \u00dcng\u00f6r , E\u011fitim Hak-Sen Genel Ba\u015fkan\u0131 Hanifi G\u00f6k\u00e7ek, Sa\u011fl\u0131k Hak-Sen Genel Ba\u015fkan\u0131 Selahattin Karaca ile sendikalar\u0131n merkez ve \u015fube y\u00f6neticileri kat\u0131ld\u0131lar. <\/p>\n<p>A\u00e7\u0131l\u0131\u015f, Sayg\u0131 Duru\u015fu ve \u0130stiklal Mar\u015f\u0131n\u0131n okunmas\u0131n\u0131n ard\u0131ndan yap\u0131lan se\u00e7imde Divan Ba\u015fkanl\u0131\u011f\u0131na Kahramanmara\u015f \u0130l Temsilcisi Ak\u0131n Okan, Ba\u015fkan Vekilli\u011fine \u0130zmir \u0130l Temsilcisi Adil Mart\u0131 ve Ad\u0131yaman \u0130l Temsilcisi Murat \u00c7al\u0131\u015fkan, K\u00e2tip \u00dcyeliklere Van \u0130l Temsilcisi Nilg\u00fcn Deniz ve Hatay T\u00dc\u0130K \u0130\u015fyeri Temsilcisi Yasemin G\u00fcney oybirli\u011fi ile se\u00e7ildiler. <\/p>\n<p>Sunuculu\u011funu Zuhal G\u00fclo\u011flu\u2019nun yapt\u0131\u011f\u0131 genel kurulda Genel Ba\u015fkan Ayhan \u00c7ivi, Eski Devlet Bakan\u0131 ve Ba\u015fbakan Yard\u0131mc\u0131s\u0131 Abd\u00fcllatif \u015eener, CHP Genel Ba\u015fkan Yard\u0131mc\u0131s\u0131 Yakup Akkaya, DSP Genel Sayman\u0131 Y\u00fcksel Erdo\u011fan konu\u015fma yapt\u0131lar. <\/p>\n<p>Genel Kurulumuza g\u00f6nderilen a\u015fa\u011f\u0131daki tebrik mesajlar\u0131 okundu; <\/p>\n<p>CHP Genel Ba\u015fkan\u0131 Kemal K\u0131l\u0131\u00e7daro\u011flu<br \/>\nBBP Genel Ba\u015fkan\u0131 Mustafa Destici<br \/>\nMHP Genel Ba\u015fkan Yard\u0131mc\u0131s\u0131 Prof.Dr. Zuhal Top\u00e7u <\/p>\n<p>\u00c7al\u0131\u015fma ve Sosyal G\u00fcvenlik Bakan\u0131 Faruk \u00c7elik<br \/>\nAvrupa Birli\u011fi Bakan\u0131 Egemen Ba\u011f\u0131\u015f<br \/>\nG\u00fcmr\u00fck ve Ticaret Bakan\u0131 Hayati Yaz\u0131c\u0131<br \/>\nG\u0131da Tar\u0131m ve Hayvanc\u0131l\u0131k Bakan\u0131 Mehmet Mehdi Eker<br \/>\nAk Parti \u00c7orum Milletvekili Salim Uslu<br \/>\nAk Parti \u0130stanbul Milletvekili \u0130dris G\u00fcll\u00fcce <\/p>\n<p>CHP Genel Ba\u015fkan Yard\u0131mc\u0131s\u0131 Emine \u00dclker Tarhan<br \/>\nCHP Genel Ba\u015fkan Yard\u0131mc\u0131s\u0131 G\u00fcrsel Tekin<br \/>\nCHP Genel Ba\u015fkan Yard\u0131mc\u0131s\u0131 Dr. M.Sezgin Tanr\u0131kulu<br \/>\nCHP Genel Ba\u015fkan Yard\u0131mc\u0131s\u0131 Nihat Matkap<br \/>\nCHP Genel Ba\u015fkan Yard\u0131mc\u0131s\u0131 G\u00fclseren Onan\u00e7<br \/>\nCHP Genel Sekreteri Bihlun Tamayl\u0131gil <\/p>\n<p>BBP Genel Ba\u015fkan Yard\u0131mc\u0131s\u0131 Hasan H\u00fcseyin Bozok<br \/>\nBBP Genel Sekreteri \u00dczeyir Tun\u00e7 <\/p>\n<p>T\u00fcrk-\u0130\u015f Genel Ba\u015fkan\u0131 Mustafa Kumlu<br \/>\nHak-\u0130\u015f Genel Ba\u015fkan\u0131 Mahmut Arslan<br \/>\nT\u00fcrkiye Sakatlar Konfederasyonu Genel Ba\u015fkan\u0131 Yusuf \u00c7elebi <\/p>\n<p>\u0130\u00e7i\u015fleri Bakanl\u0131\u011f\u0131 M\u00fcste\u015far\u0131 Seyfullah Hac\u0131m\u00fcft\u00fco\u011flu<br \/>\nMeteoroloji Genel M\u00fcd\u00fcr \u0130smail G\u00fcne\u015f<br \/>\nGelir \u0130daresi Ba\u015fkan Yard\u0131mc\u0131s\u0131 \u015einasi Candan <\/p>\n<p>Adana Valisi H\u00fcseyin Avni \u00c7o\u015f<br \/>\nK\u0131r\u0131kkale Valisi Ali Kolat<br \/>\nZonguldak Valisi Erol Ayy\u0131ld\u0131z <\/p>\n<p>Mesajlar\u0131n okunmas\u0131n\u0131n ard\u0131ndan iki d\u00f6nem B\u00fcro Hak-Sen Genel E\u011fitim Sekreterli\u011fi g\u00f6revini ba\u015far\u0131yla tamamlayarak emekli olan Ekrem \u015eahine ve emekli olan sendika \u00fcyelerimize plaket verildi. <\/p>\n<p>\u00d6\u011fle yeme\u011finin ard\u0131ndan devam eden genel kurulda, sendikam\u0131za eme\u011fi ge\u00e7en y\u00f6netici ve temsilcilerimize birer te\u015fekk\u00fcr belgesi takdim edildi. <\/p>\n<p>Di\u011fer g\u00fcndem maddelerinin g\u00f6r\u00fc\u015f\u00fclmesinin ard\u0131ndan tek liste ile yap\u0131lan se\u00e7imler sonucu zorunlu organlar \u015fu \u015fekilde belirlendi; <\/p>\n<p>Genel Ba\u015fkan Ayhan \u00c7ivi <\/p>\n<p>Y\u00f6netim Kurulu (Asil)<br \/>\nAsuman Bozo\u011flu<br \/>\n\u00d6zg\u00fcr Tuncer<br \/>\nCevdet Telefoncu<br \/>\nK\u00f6ksal K\u0131z\u0131lc\u0131<br \/>\nFerhat \u00dclk\u00fc<br \/>\nMehmet Karabulut <\/p>\n<p>Y\u00f6netim Kurulu (Yedek)<br \/>\nDilaver Korkmaz<br \/>\n\u00d6mer Y\u0131lmaz<br \/>\nHatice Ba\u011fba\u015f\u0131<br \/>\nSeyfi \u00d6zmen<br \/>\nTuran Duman<br \/>\nS\u00fcleyman Yanaral<br \/>\nTuncay Y\u0131ld\u0131r\u0131m <\/p>\n<p>Denetleme Kurulu(Asil)<br \/>\n\u0130hsan Kurt<br \/>\n\u00c7etin Saltar<br \/>\nMuhittin Saluk <\/p>\n<p>Denetleme Kurulu (Yedek)<br \/>\nEsra Ya\u011fc\u0131<br \/>\nOsman Nuri Erg\u00fcl<br \/>\nTercan Kurt <\/p>\n<p>Disiplin Kurulu (Asil)<br \/>\nAdil Mart\u0131<br \/>\nMurat \u00c7al\u0131\u015fkan<br \/>\nDo\u011fan \u00d6zsar\u0131lar <\/p>\n<p>Disiplin Kurulu(Yedek)<br \/>\nMurat \u015eahin<br \/>\nYunis \u00c7am<br \/>\n\u0130smet Karaca<\/p>\n<h2 style='margin:20px 0;'>\u0130\u00e7erik Galerisi<\/h2>\n<p><img decoding=\"async\" src=\"wp-content\/uploads\/2016\/12\/67336003.JPG\" alt=\"B\u00fcro Hak-Sen Tek Y\u00fcrek Oldu\" style=\"width:100%;\" \/><\/p>\n<p><img decoding=\"async\" src=\"wp-content\/uploads\/2016\/12\/673951164.JPG\" alt=\"B\u00fcro Hak-Sen Tek Y\u00fcrek Oldu\" style=\"width:100%;\" \/><\/p>\n<p><img decoding=\"async\" src=\"wp-content\/uploads\/2016\/12\/298589715.JPG\" alt=\"B\u00fcro Hak-Sen Tek Y\u00fcrek Oldu\" style=\"width:100%;\" \/><\/p>\n<p><img decoding=\"async\" src=\"wp-content\/uploads\/2016\/12\/973427698.JPG\" alt=\"B\u00fcro Hak-Sen Tek Y\u00fcrek Oldu\" style=\"width:100%;\" \/><\/p>\n<p><img decoding=\"async\" src=\"wp-content\/uploads\/2016\/12\/642367139.JPG\" alt=\"B\u00fcro Hak-Sen Tek Y\u00fcrek Oldu\" style=\"width:100%;\" \/><\/p>\n<p><img decoding=\"async\" src=\"wp-content\/uploads\/2016\/12\/540329704.JPG\" alt=\"B\u00fcro Hak-Sen Tek Y\u00fcrek Oldu\" style=\"width:100%;\" \/><\/p>\n<p><img decoding=\"async\" src=\"wp-content\/uploads\/2016\/12\/492597520.JPG\" alt=\"B\u00fcro Hak-Sen Tek Y\u00fcrek Oldu\" style=\"width:100%;\" \/><\/p>\n<p><img decoding=\"async\" src=\"wp-content\/uploads\/2016\/12\/260976321.JPG\" alt=\"B\u00fcro Hak-Sen Tek Y\u00fcrek Oldu\" style=\"width:100%;\" \/><\/p>\n<p><img decoding=\"async\" src=\"wp-content\/uploads\/2016\/12\/334789572.JPG\" alt=\"B\u00fcro Hak-Sen Tek Y\u00fcrek Oldu\" style=\"width:100%;\" \/><\/p>\n<p><img decoding=\"async\" src=\"wp-content\/uploads\/2016\/12\/954233511.JPG\" alt=\"B\u00fcro Hak-Sen Tek Y\u00fcrek Oldu\" style=\"width:100%;\" \/><\/p>\n<p><img decoding=\"async\" src=\"wp-content\/uploads\/2016\/12\/521760708.JPG\" alt=\"B\u00fcro Hak-Sen Tek Y\u00fcrek Oldu\" style=\"width:100%;\" \/><\/p>\n<p><img decoding=\"async\" src=\"wp-content\/uploads\/2016\/12\/109792985.JPG\" alt=\"B\u00fcro Hak-Sen Tek Y\u00fcrek Oldu\" style=\"width:100%;\" \/><\/p>\n<p><img decoding=\"async\" src=\"wp-content\/uploads\/2016\/12\/559647637.JPG\" alt=\"B\u00fcro Hak-Sen Tek Y\u00fcrek Oldu\" style=\"width:100%;\" \/><\/p>\n<p><img decoding=\"async\" src=\"wp-content\/uploads\/2016\/12\/326020453.JPG\" alt=\"B\u00fcro Hak-Sen Tek Y\u00fcrek Oldu\" style=\"width:100%;\" \/><\/p>\n<p><img decoding=\"async\" src=\"wp-content\/uploads\/2016\/12\/860905566.JPG\" alt=\"B\u00fcro Hak-Sen Tek Y\u00fcrek Oldu\" style=\"width:100%;\" \/><\/p>\n<p><img decoding=\"async\" src=\"wp-content\/uploads\/2016\/12\/288049303.JPG\" alt=\"B\u00fcro Hak-Sen Tek Y\u00fcrek Oldu\" style=\"width:100%;\" \/><\/p>\n<p><img decoding=\"async\" src=\"wp-content\/uploads\/2016\/12\/298449777.JPG\" alt=\"B\u00fcro Hak-Sen Tek Y\u00fcrek Oldu\" style=\"width:100%;\" \/><\/p>\n<p><img decoding=\"async\" src=\"wp-content\/uploads\/2016\/12\/136194767.JPG\" alt=\"B\u00fcro Hak-Sen Tek Y\u00fcrek Oldu\" style=\"width:100%;\" \/><\/p>\n<p><img decoding=\"async\" src=\"wp-content\/uploads\/2016\/12\/813834817.JPG\" alt=\"B\u00fcro Hak-Sen Tek Y\u00fcrek Oldu\" style=\"width:100%;\" \/><\/p>\n<p><img decoding=\"async\" src=\"wp-content\/uploads\/2016\/12\/579250133.JPG\" alt=\"B\u00fcro Hak-Sen Tek Y\u00fcrek Oldu\" style=\"width:100%;\" \/><\/p>\n<p><img decoding=\"async\" src=\"wp-content\/uploads\/2016\/12\/979809931.JPG\" alt=\"B\u00fcro Hak-Sen Tek Y\u00fcrek Oldu\" style=\"width:100%;\" \/><\/p>\n<p><img decoding=\"async\" src=\"wp-content\/uploads\/2016\/12\/902334781.JPG\" alt=\"B\u00fcro Hak-Sen Tek Y\u00fcrek Oldu\" style=\"width:100%;\" \/><\/p>\n<p><img decoding=\"async\" src=\"wp-content\/uploads\/2016\/12\/851239999.JPG\" alt=\"B\u00fcro Hak-Sen Tek Y\u00fcrek Oldu\" style=\"width:100%;\" \/><\/p>\n<p><img decoding=\"async\" src=\"wp-content\/uploads\/2016\/12\/90880276.JPG\" alt=\"B\u00fcro Hak-Sen Tek Y\u00fcrek Oldu\" style=\"width:100%;\" \/><\/p>\n<p><img decoding=\"async\" src=\"wp-content\/uploads\/2016\/12\/775713774.JPG\" alt=\"B\u00fcro Hak-Sen Tek Y\u00fcrek Oldu\" style=\"width:100%;\" \/><\/p>\n<p><img decoding=\"async\" src=\"wp-content\/uploads\/2016\/12\/427964547.JPG\" alt=\"B\u00fcro Hak-Sen Tek Y\u00fcrek Oldu\" style=\"width:100%;\" \/><\/p>\n<p><img decoding=\"async\" src=\"wp-content\/uploads\/2016\/12\/770337401.JPG\" alt=\"B\u00fcro Hak-Sen Tek Y\u00fcrek Oldu\" style=\"width:100%;\" \/><\/p>\n<p><img decoding=\"async\" src=\"wp-content\/uploads\/2016\/12\/322945431.JPG\" alt=\"B\u00fcro Hak-Sen Tek Y\u00fcrek Oldu\" style=\"width:100%;\" \/><\/p>\n<p><img decoding=\"async\" src=\"wp-content\/uploads\/2016\/12\/426983406.JPG\" alt=\"B\u00fcro Hak-Sen Tek Y\u00fcrek Oldu\" style=\"width:100%;\" \/><\/p>\n<p><img decoding=\"async\" src=\"wp-content\/uploads\/2016\/12\/867327891.JPG\" alt=\"B\u00fcro Hak-Sen Tek Y\u00fcrek Oldu\" style=\"width:100%;\" \/><\/p>\n<p><img decoding=\"async\" src=\"wp-content\/uploads\/2016\/12\/428107583.JPG\" alt=\"B\u00fcro Hak-Sen Tek Y\u00fcrek Oldu\" style=\"width:100%;\" \/><\/p>\n<p><img decoding=\"async\" src=\"wp-content\/uploads\/2016\/12\/760814447.JPG\" alt=\"B\u00fcro Hak-Sen Tek Y\u00fcrek Oldu\" style=\"width:100%;\" \/><\/p>\n<p><img decoding=\"async\" src=\"wp-content\/uploads\/2016\/12\/804579554.JPG\" alt=\"B\u00fcro Hak-Sen Tek Y\u00fcrek Oldu\" style=\"width:100%;\" \/><\/p>\n<p><img decoding=\"async\" src=\"wp-content\/uploads\/2016\/12\/235643236.JPG\" alt=\"B\u00fcro Hak-Sen Tek Y\u00fcrek Oldu\" style=\"width:100%;\" \/><\/p>\n<p><img decoding=\"async\" src=\"wp-content\/uploads\/2016\/12\/172864866.JPG\" alt=\"B\u00fcro Hak-Sen Tek Y\u00fcrek Oldu\" style=\"width:100%;\" \/><\/p>\n<p><img decoding=\"async\" src=\"wp-content\/uploads\/2016\/12\/752605748.JPG\" alt=\"B\u00fcro Hak-Sen Tek Y\u00fcrek Oldu\" style=\"width:100%;\" \/><\/p>\n","protected":false},"excerpt":{"rendered":"<p>B\u00fcro Hak-Sen 4.Ola\u011fan Genel Kurulu sonucunda Genel Ba\u015fkan Ayhan \u00c7ivi g\u00fcven tazeledi.<\/p>\n","protected":false},"author":1,"featured_media":2413,"comment_status":"closed","ping_status":"open","sticky":false,"template":"","format":"standard","meta":{"footnotes":""},"categories":[],"tags":[],"class_list":["post-2376","post","type-post","status-publish","format-standard","has-post-thumbnail"],"_links":{"self":[{"href":"https:\/\/haksen.org.tr\/index.php?rest_route=\/wp\/v2\/posts\/2376","targetHints":{"allow":["GET"]}}],"collection":[{"href":"https:\/\/haksen.org.tr\/index.php?rest_route=\/wp\/v2\/posts"}],"about":[{"href":"https:\/\/haksen.org.tr\/index.php?rest_route=\/wp\/v2\/types\/post"}],"author":[{"embeddable":true,"href":"https:\/\/haksen.org.tr\/index.php?rest_route=\/wp\/v2\/users\/1"}],"replies":[{"embeddable":true,"href":"https:\/\/haksen.org.tr\/index.php?rest_route=%2Fwp%2Fv2%2Fcomments&post=2376"}],"version-history":[{"count":0,"href":"https:\/\/haksen.org.tr\/index.php?rest_route=\/wp\/v2\/posts\/2376\/revisions"}],"wp:featuredmedia":[{"embeddable":true,"href":"https:\/\/haksen.org.tr\/index.php?rest_route=\/wp\/v2\/media\/2413"}],"wp:attachment":[{"href":"https:\/\/haksen.org.tr\/index.php?rest_route=%2Fwp%2Fv2%2Fmedia&parent=2376"}],"wp:term":[{"taxonomy":"category","embeddable":true,"href":"https:\/\/haksen.org.tr\/index.php?rest_route=%2Fwp%2Fv2%2Fcategories&post=2376"},{"taxonomy":"post_tag","embeddable":true,"href":"https:\/\/haksen.org.tr\/index.php?rest_route=%2Fwp%2Fv2%2Ftags&post=2376"}],"curies":[{"name":"wp","href":"https:\/\/api.w.org\/{rel}","templated":true}]}}