{"id":2370,"date":"2013-02-05T12:00:00","date_gmt":"2013-02-05T12:00:00","guid":{"rendered":"http:\/\/haksen.org.tr\/?p=2370"},"modified":"2013-02-05T12:00:00","modified_gmt":"2013-02-05T12:00:00","slug":"calistayda-tespit-ve-taleplerimizi-acikladik","status":"publish","type":"post","link":"https:\/\/haksen.org.tr\/?p=2370","title":{"rendered":"\u00c7al\u0131\u015ftayda Tespit ve Taleplerimizi A\u00e7\u0131klad\u0131k"},"content":{"rendered":"<p>Devlet Personel Ba\u015fkanl\u0131\u011f\u0131nca 26-27 Ocak 2013 tarihlerinde Abant\u2019ta d\u00fczenlenen  \u201cKamu Personel Rejiminin Sorunlar\u0131, \u00c7\u00f6z\u00fcm \u00d6nerileri ve  2023 Vizyonu\u201d konulu  \u00e7al\u0131\u015ftay\u2019da tespit ve taleplerimizi Genel Ba\u015fkan Ayhan \u00c7ivi a\u00e7\u0131klad\u0131.<br \/>\nKonfederasyonumuzu temsilen Genel Ba\u015fkan Ayhan \u00c7ivi\u2019nin kat\u0131ld\u0131\u011f\u0131 \u00e7al\u0131\u015ftaya, \u00c7al\u0131\u015fma ve Sosyal G\u00fcvenlik Bakan\u0131 Faruk \u00c7elik, TBMM Plan ve B\u00fct\u00e7e Komisyonu Ba\u015fkan\u0131 L\u00fctfi ELVAN, \u00c7al\u0131\u015fma ve Sosyal G\u00fcvenlik Bakan Yard\u0131mc\u0131s\u0131 Halil Etyemez, Say\u0131\u015ftay Ba\u015fkan\u0131 Recai Akyel, Dan\u0131\u015ftay Ba\u015fkan\u0131 H\u00fcseyin Karakulluk\u00e7u, Maliye Bakanl\u0131\u011f\u0131 M\u00fcste\u015far\u0131 Naci A\u011fbal, Devlet Personel Ba\u015fkan\u0131 Mehmet Ali Kumbuzo\u011flu, Bolu Valisi \u0130brahim \u00d6Z\u00c7\u0130MEN, Ba\u015fbakanl\u0131k M\u00fcste\u015far Yrd. \u00d6zer KONTO\u011eLU, Y\u00d6K Ba\u015fkan Vekili \u015eaban \u00c7ALI\u015e,  Memur-Sen, Kamu-Sen ve KESK Genel Ba\u015fkanlar\u0131 , kamu kurum ve kurulu\u015flar\u0131n\u0131n insan kaynaklar\u0131 y\u00f6neticileri  ile Devlet Personel Ba\u015fkanl\u0131\u011f\u0131 Uzmanlar\u0131 kat\u0131ld\u0131lar.<\/p>\n<p>\u0130lk  yap\u0131lan g\u00fcnde a\u00e7\u0131l\u0131\u015f konu\u015fmalar\u0131 ve  panellerin ard\u0131ndan, ikinci g\u00fcnde  ise 6 gruba ayr\u0131lan komisyonlar kendi konular\u0131nda \u00e7al\u0131\u015fma yaparak g\u00f6r\u00fc\u015f ve \u00f6nerilerini rapor halinde sundular.<\/p>\n<p>Sunumlar\u0131n ard\u0131ndan Devlet Personel Ba\u015fkan\u0131 Mehmet Ali Kumbuzo\u011flu\u2019nun te\u015fekk\u00fcr konu\u015fmas\u0131n\u0131n ard\u0131ndan \u00e7al\u0131\u015ftay sona erdi.<\/p>\n<p>Genel Ba\u015fkan Ayhan \u00c7ivi, ilk g\u00fcnde yap\u0131lan panellerde ve ikinci g\u00fcndeki \u00e7al\u0131\u015ftay grubunda kamu g\u00f6revlilerinin g\u00fcndeminde bulunan \u00f6nemli konularla ilgili g\u00f6r\u00fc\u015flerini a\u00e7\u0131klad\u0131. <\/p>\n<p>Bu g\u00f6r\u00fc\u015fler \u00f6zetle a\u015fa\u011f\u0131daki \u015fekilde sunulmu\u015ftur;<\/p>\n<p>1-Kamu personel mevzuat\u0131nda yap\u0131lacak d\u00fczenlemelerde memurlar\u0131n\u0131n i\u015f g\u00fcvencesinin mutlak suretle korunmas\u0131,<\/p>\n<p>2-Kamu hizmetlerinin etkinle\u015ftirilmesi i\u00e7in sendika temsilcilerinin olu\u015fturulacak komisyonlara etkin kat\u0131l\u0131m\u0131n\u0131n sa\u011flanmas\u0131, <\/p>\n<p>3-Kamu personelinin, \u00fclkemizin alt\u0131na imza att\u0131\u011f\u0131 uluslararas\u0131 s\u00f6zle\u015fmelerden kaynaklanan haklar\u0131n\u0131n mevzuata d\u00e2hil edilmesi, <\/p>\n<p>4-Memurlara yap\u0131lan ek \u00f6demelerin emekli ayl\u0131klar\u0131na ve emekli ikramiyelerine yans\u0131t\u0131lmamas\u0131 nedeniyle emeklilik halinde memurlar\u0131n ortalama y\u00fczde 45 civar\u0131nda \u00fccret kayb\u0131na u\u011frad\u0131klar\u0131 belirtilerek, ek \u00f6demelerin maa\u015flara d\u00e2hil edilmesi,<\/p>\n<p>5-Kamudaki stat\u00fcde farkl\u0131l\u0131klar\u0131n\u0131n kald\u0131r\u0131larak  ( S\u00f6zle\u015fmeli,  4\/C vb. ) t\u00fcm personelin 657 say\u0131l\u0131 Yasa uyar\u0131nca kadrolu personel olarak atamalar\u0131n\u0131n yap\u0131lmas\u0131,<\/p>\n<p>6-657 say\u0131l\u0131 Yasan\u0131n 4\/C maddesine g\u00f6re \u00e7al\u0131\u015f\u0131rken 2010 y\u0131l\u0131ndan \u00f6nce emekli olan veya i\u015ften ayr\u0131lan t\u00fcm personele i\u015f sonu tazminat\u0131 \u00f6denmesi,<\/p>\n<p>7-657 say\u0131l\u0131 Yasan\u0131n 4\/C maddesine g\u00f6re \u00e7al\u0131\u015ft\u0131r\u0131lan personele \u00f6denen i\u015f sonu tazminat\u0131ndan gelir vergisi kesintisi yap\u0131lmamas\u0131,<\/p>\n<p>\u00c7al\u0131\u015fma ve Sosyal G\u00fcvenlik Bakan\u0131 say\u0131n Faruk \u00c7elik, ek \u00f6demelerden gelir vergisi ve emekli sand\u0131\u011f\u0131 primi kesilmesi suretiyle emekli ayl\u0131klar\u0131na dahil edilmesi talebimizin makul bir talep oldu\u011funu belirterek,  bu konuda bir \u00e7al\u0131\u015fma yap\u0131ld\u0131\u011f\u0131n\u0131 s\u00f6yledi.<\/p>\n<p>Bakan \u00c7elik ayr\u0131ca, kamu personel rejiminde yap\u0131lacak olan d\u00fczenlemeler kapsam\u0131nda kamuda farkl\u0131 stat\u00fcde \u00e7al\u0131\u015fan (4\/C dahil) personelin tek \u00e7at\u0131 alt\u0131nda toplamay\u0131 d\u00fc\u015f\u00fcnd\u00fcklerini de ifade etti.<br \/>\nHaksen Genel Ba\u015fkan\u0131 Ayhan \u00c7ivi \u00e7al\u0131\u015ftaya ili\u015fkin yapt\u0131\u011f\u0131 de\u011ferlendirmede \u015funlar\u0131 s\u00f6yledi;<\/p>\n<p>\u201c\u00c7al\u0131\u015ftay son derece a\u00e7\u0131k ve samimi bir ortamda yap\u0131ld\u0131. T\u00fcm sosyal taraflar\u0131n kendi d\u00fc\u015f\u00fcncelerini \u00f6zg\u00fcr bir \u015fekilde ifade ettiler. Bizim a\u00e7\u0131m\u0131zdan son derece \u00f6nemli olan iki konunun \u00e7\u00f6z\u00fcm\u00fc i\u00e7in bu \u00e7al\u0131\u015ftay\u0131n \u00f6nemli bir ad\u0131m oldu\u011funu d\u00fc\u015f\u00fcn\u00fcyorum. Bunlardan birincisi, ek \u00f6demelerin emekli ayl\u0131klar\u0131na d\u00e2hil edilmesi, ikincisi ise 4\/C d\u00e2hil t\u00fcm s\u00f6zle\u015fmeli personelin kadroya ge\u00e7irilmesidir.\u201d<\/p>\n<h2 style='margin:20px 0;'>\u0130\u00e7erik Galerisi<\/h2>\n<p><img decoding=\"async\" src=\"wp-content\/uploads\/2016\/12\/365038625.JPG\" alt=\"\u00c7al\u0131\u015ftayda Tespit ve Taleplerimizi A\u00e7\u0131klad\u0131k\" style=\"width:100%;\" \/><\/p>\n<p><img decoding=\"async\" src=\"wp-content\/uploads\/2016\/12\/395609976.JPG\" alt=\"\u00c7al\u0131\u015ftayda Tespit ve Taleplerimizi A\u00e7\u0131klad\u0131k\" style=\"width:100%;\" \/><\/p>\n<p><img decoding=\"async\" src=\"wp-content\/uploads\/2016\/12\/527852880.JPG\" alt=\"\u00c7al\u0131\u015ftayda Tespit ve Taleplerimizi A\u00e7\u0131klad\u0131k\" style=\"width:100%;\" \/><\/p>\n<p><img decoding=\"async\" src=\"wp-content\/uploads\/2016\/12\/721171245.JPG\" alt=\"\u00c7al\u0131\u015ftayda Tespit ve Taleplerimizi A\u00e7\u0131klad\u0131k\" style=\"width:100%;\" \/><\/p>\n","protected":false},"excerpt":{"rendered":"<p>Devlet Personel Ba\u015fkanl\u0131\u011f\u0131nca 26-27 Ocak 2013 tarihlerinde Abant\u2019ta d\u00fczenlenen  \u00e7al\u0131\u015ftayda Genel Ba\u015fkan Ayhan \u00c7ivi, tespit ve taleplerimizi a\u00e7\u0131klad\u0131.<\/p>\n","protected":false},"author":1,"featured_media":2371,"comment_status":"closed","ping_status":"open","sticky":false,"template":"","format":"standard","meta":{"footnotes":""},"categories":[],"tags":[],"class_list":["post-2370","post","type-post","status-publish","format-standard","has-post-thumbnail"],"_links":{"self":[{"href":"https:\/\/haksen.org.tr\/index.php?rest_route=\/wp\/v2\/posts\/2370","targetHints":{"allow":["GET"]}}],"collection":[{"href":"https:\/\/haksen.org.tr\/index.php?rest_route=\/wp\/v2\/posts"}],"about":[{"href":"https:\/\/haksen.org.tr\/index.php?rest_route=\/wp\/v2\/types\/post"}],"author":[{"embeddable":true,"href":"https:\/\/haksen.org.tr\/index.php?rest_route=\/wp\/v2\/users\/1"}],"replies":[{"embeddable":true,"href":"https:\/\/haksen.org.tr\/index.php?rest_route=%2Fwp%2Fv2%2Fcomments&post=2370"}],"version-history":[{"count":0,"href":"https:\/\/haksen.org.tr\/index.php?rest_route=\/wp\/v2\/posts\/2370\/revisions"}],"wp:featuredmedia":[{"embeddable":true,"href":"https:\/\/haksen.org.tr\/index.php?rest_route=\/wp\/v2\/media\/2371"}],"wp:attachment":[{"href":"https:\/\/haksen.org.tr\/index.php?rest_route=%2Fwp%2Fv2%2Fmedia&parent=2370"}],"wp:term":[{"taxonomy":"category","embeddable":true,"href":"https:\/\/haksen.org.tr\/index.php?rest_route=%2Fwp%2Fv2%2Fcategories&post=2370"},{"taxonomy":"post_tag","embeddable":true,"href":"https:\/\/haksen.org.tr\/index.php?rest_route=%2Fwp%2Fv2%2Ftags&post=2370"}],"curies":[{"name":"wp","href":"https:\/\/api.w.org\/{rel}","templated":true}]}}