{"id":2367,"date":"2013-01-30T12:00:00","date_gmt":"2013-01-30T12:00:00","guid":{"rendered":"http:\/\/haksen.org.tr\/?p=2367"},"modified":"2013-01-30T12:00:00","modified_gmt":"2013-01-30T12:00:00","slug":"gelir-uzmanlari-dernegini-ziyaret","status":"publish","type":"post","link":"https:\/\/haksen.org.tr\/?p=2367","title":{"rendered":"Gelir Uzmanlar\u0131 Derne\u011fini Ziyaret"},"content":{"rendered":"<p>Gelir Uzmanlar\u0131 ve Yard\u0131mc\u0131lar\u0131 Derne\u011fi (GUYADER) Genel Merkezinin Ankara&#8217;da a\u00e7\u0131l\u0131\u015f\u0131 yap\u0131lan b\u00fcrosunu  ziyaret eden Genel Ba\u015fkan Ayhan \u00c7ivi, GUYADER Genel Ba\u015fkan\u0131 Ferhat \u00dclk\u00fc ve y\u00f6netim kurulu \u00fcyelerine ba\u015far\u0131lar diledi.<\/p>\n<p>GUYADER&#8217;in yapt\u0131\u011f\u0131 ve yapaca\u011f\u0131 \u00e7al\u0131\u015fmalarda her t\u00fcrl\u00fc deste\u011fi vereceklerini belirten \u00c7ivi, sendikalarla meslek kurulu\u015flar\u0131n\u0131n dayan\u0131\u015fma i\u00e7inde olmas\u0131 gerekti\u011fini s\u00f6yledi.<\/p>\n<p>GUYADER Genel Ba\u015fkan\u0131 Ferhat \u00dclk\u00fc de ziyaret nedeniyle te\u015fekk\u00fcr etti.<\/p>\n<h2 style='margin:20px 0;'>\u0130\u00e7erik Galerisi<\/h2>\n<p><img decoding=\"async\" src=\"wp-content\/uploads\/2016\/12\/561684212.jpg\" alt=\"Gelir Uzmanlar\u0131 Derne\u011fini Ziyaret\" style=\"width:100%;\" \/><\/p>\n","protected":false},"excerpt":{"rendered":"<p>Genel Ba\u015fkan Ayhan \u00c7ivi, B\u00fcro Hak-Sen Y\u00f6netim Kurulu \u00fcyeleriyle birlikte Gelir Uzmanlar\u0131 ve Yard\u0131mc\u0131lar\u0131 Derne\u011fini ziyaret etti.<\/p>\n","protected":false},"author":1,"featured_media":2368,"comment_status":"closed","ping_status":"open","sticky":false,"template":"","format":"standard","meta":{"footnotes":""},"categories":[],"tags":[],"class_list":["post-2367","post","type-post","status-publish","format-standard","has-post-thumbnail"],"_links":{"self":[{"href":"https:\/\/haksen.org.tr\/index.php?rest_route=\/wp\/v2\/posts\/2367","targetHints":{"allow":["GET"]}}],"collection":[{"href":"https:\/\/haksen.org.tr\/index.php?rest_route=\/wp\/v2\/posts"}],"about":[{"href":"https:\/\/haksen.org.tr\/index.php?rest_route=\/wp\/v2\/types\/post"}],"author":[{"embeddable":true,"href":"https:\/\/haksen.org.tr\/index.php?rest_route=\/wp\/v2\/users\/1"}],"replies":[{"embeddable":true,"href":"https:\/\/haksen.org.tr\/index.php?rest_route=%2Fwp%2Fv2%2Fcomments&post=2367"}],"version-history":[{"count":0,"href":"https:\/\/haksen.org.tr\/index.php?rest_route=\/wp\/v2\/posts\/2367\/revisions"}],"wp:featuredmedia":[{"embeddable":true,"href":"https:\/\/haksen.org.tr\/index.php?rest_route=\/wp\/v2\/media\/2368"}],"wp:attachment":[{"href":"https:\/\/haksen.org.tr\/index.php?rest_route=%2Fwp%2Fv2%2Fmedia&parent=2367"}],"wp:term":[{"taxonomy":"category","embeddable":true,"href":"https:\/\/haksen.org.tr\/index.php?rest_route=%2Fwp%2Fv2%2Fcategories&post=2367"},{"taxonomy":"post_tag","embeddable":true,"href":"https:\/\/haksen.org.tr\/index.php?rest_route=%2Fwp%2Fv2%2Ftags&post=2367"}],"curies":[{"name":"wp","href":"https:\/\/api.w.org\/{rel}","templated":true}]}}