{"id":2363,"date":"2013-01-29T12:00:00","date_gmt":"2013-01-29T12:00:00","guid":{"rendered":"http:\/\/haksen.org.tr\/?p=2363"},"modified":"2013-01-29T12:00:00","modified_gmt":"2013-01-29T12:00:00","slug":"tuik-istanbul-bolge-mudurlugunde-toplanti","status":"publish","type":"post","link":"https:\/\/haksen.org.tr\/?p=2363","title":{"rendered":"T\u00dc\u0130K \u0130stanbul B\u00f6lge M\u00fcd\u00fcrl\u00fc\u011f\u00fcnde Toplant\u0131"},"content":{"rendered":"<p>Toplant\u0131ya Haksen Bas\u0131n Koordinat\u00f6r\u00fc Yusuf Kara\u00e7or, B\u00fcro Hak-Sen Hukuk Sekreteri Cevdet Telefoncu da kat\u0131ld\u0131lar.<\/p>\n<p>Genel Ba\u015fkan Ayhan \u00c7ivi toplant\u0131da yapt\u0131\u011f\u0131 konu\u015fman\u0131n ard\u0131ndan personelin sorular\u0131n\u0131 cevapland\u0131rd\u0131.<\/p>\n<h2 style='margin:20px 0;'>\u0130\u00e7erik Galerisi<\/h2>\n<p><img decoding=\"async\" src=\"wp-content\/uploads\/2016\/12\/909157823.JPG\" alt=\"T\u00dc\u0130K \u0130stanbul B\u00f6lge M\u00fcd\u00fcrl\u00fc\u011f\u00fcnde Toplant\u0131\" style=\"width:100%;\" \/><\/p>\n<p><img decoding=\"async\" src=\"wp-content\/uploads\/2016\/12\/517199055.JPG\" alt=\"T\u00dc\u0130K \u0130stanbul B\u00f6lge M\u00fcd\u00fcrl\u00fc\u011f\u00fcnde Toplant\u0131\" style=\"width:100%;\" \/><\/p>\n","protected":false},"excerpt":{"rendered":"<p>Genel Ba\u015fkan Ayhan \u00c7ivi, T\u00fcrkiye \u0130statistik Kurumu \u0130stanbul B\u00f6lge M\u00fcd\u00fcrl\u00fc\u011f\u00fcn\u00fc ziyaret ederek bilgilendirme toplant\u0131s\u0131na kat\u0131ld\u0131.<\/p>\n","protected":false},"author":1,"featured_media":2364,"comment_status":"closed","ping_status":"open","sticky":false,"template":"","format":"standard","meta":{"footnotes":""},"categories":[],"tags":[],"class_list":["post-2363","post","type-post","status-publish","format-standard","has-post-thumbnail"],"_links":{"self":[{"href":"https:\/\/haksen.org.tr\/index.php?rest_route=\/wp\/v2\/posts\/2363","targetHints":{"allow":["GET"]}}],"collection":[{"href":"https:\/\/haksen.org.tr\/index.php?rest_route=\/wp\/v2\/posts"}],"about":[{"href":"https:\/\/haksen.org.tr\/index.php?rest_route=\/wp\/v2\/types\/post"}],"author":[{"embeddable":true,"href":"https:\/\/haksen.org.tr\/index.php?rest_route=\/wp\/v2\/users\/1"}],"replies":[{"embeddable":true,"href":"https:\/\/haksen.org.tr\/index.php?rest_route=%2Fwp%2Fv2%2Fcomments&post=2363"}],"version-history":[{"count":0,"href":"https:\/\/haksen.org.tr\/index.php?rest_route=\/wp\/v2\/posts\/2363\/revisions"}],"wp:featuredmedia":[{"embeddable":true,"href":"https:\/\/haksen.org.tr\/index.php?rest_route=\/wp\/v2\/media\/2364"}],"wp:attachment":[{"href":"https:\/\/haksen.org.tr\/index.php?rest_route=%2Fwp%2Fv2%2Fmedia&parent=2363"}],"wp:term":[{"taxonomy":"category","embeddable":true,"href":"https:\/\/haksen.org.tr\/index.php?rest_route=%2Fwp%2Fv2%2Fcategories&post=2363"},{"taxonomy":"post_tag","embeddable":true,"href":"https:\/\/haksen.org.tr\/index.php?rest_route=%2Fwp%2Fv2%2Ftags&post=2363"}],"curies":[{"name":"wp","href":"https:\/\/api.w.org\/{rel}","templated":true}]}}