{"id":2359,"date":"2013-01-29T12:00:00","date_gmt":"2013-01-29T12:00:00","guid":{"rendered":"http:\/\/haksen.org.tr\/?p=2359"},"modified":"2013-01-29T12:00:00","modified_gmt":"2013-01-29T12:00:00","slug":"adalet-sarayinda-kole-muamelesi","status":"publish","type":"post","link":"https:\/\/haksen.org.tr\/?p=2359","title":{"rendered":"Adalet Saray\u0131nda K\u00f6le Muamelesi"},"content":{"rendered":"<p>Birbirlerine ayaklar\u0131ndan zincire ba\u011flanarak yarg\u0131 \u00e7al\u0131\u015fanlar\u0131na yap\u0131lan haks\u0131zl\u0131klar\u0131 protesto eden  \u00e7al\u0131\u015fanlar, adalet saralar\u0131nda k\u00f6le muamelesi g\u00f6rd\u00fcklerini s\u00f6ylediler. <\/p>\n<p>B\u00fcro Hak-Sen Hukuk Sektereri Cevdet Telefoncu \u00c7a\u011flayan Adliye Saray\u0131 \u00f6n\u00fcnde yapt\u0131\u011f\u0131 bas\u0131n a\u00e7\u0131klamas\u0131nda \u015funlar\u0131 s\u00f6yledi;<\/p>\n<p>&#8220;Adalet da\u011f\u0131tmakla g\u00f6revli mahkemelerde \u00e7al\u0131\u015fan kalem personeli b\u00fcy\u00fck s\u0131k\u0131nt\u0131lar i\u00e7erisinde g\u00f6revini yerine getirmektedir.    Adaletin sadece h\u00e2kim ve savc\u0131lardan ibaret g\u00f6r\u00fclmesi \u00e7al\u0131\u015fanlara yap\u0131lan en b\u00fcy\u00fck adaletsizliktir.<\/p>\n<p>Her g\u00fcn binlerce dava dosyas\u0131yla bo\u011fu\u015fan yarg\u0131 \u00e7al\u0131\u015fanlar\u0131 di\u011fer taraftan da ya\u015fad\u0131\u011f\u0131 sorunlar\u0131n alt\u0131nda ezilmektedir.<\/p>\n<p>\u015eu anda bir \u201cadalet saray\u0131n\u0131n\u201d \u00f6n\u00fcnde bulunuyoruz.   Sadece adalet saraylar\u0131n\u0131n yap\u0131lmas\u0131 sorunlar\u0131 ortadan kald\u0131rm\u0131yor.  Tam tersine yarg\u0131 \u00e7al\u0131\u015fanlar\u0131n\u0131n yeni ma\u011fduriyetlerle kar\u015f\u0131la\u015fmas\u0131na neden oluyor. Yarg\u0131 \u00e7al\u0131\u015fanlar\u0131na saraydaki k\u00f6le muamelesi yap\u0131lmaktad\u0131r.<\/p>\n<p>Adalet \u00e7al\u0131\u015fanlar\u0131n\u0131n maa\u015flar\u0131n\u0131n bankadan \u00f6denmesine kar\u015f\u0131l\u0131k olarak bankalarca verilen promosyonlar\u0131n\u0131n \u00f6denmesinde de \u00e7al\u0131\u015fanlara b\u00fcy\u00fck bir adaletsizlik yap\u0131lm\u0131\u015ft\u0131r. Di\u011fer kamu kurumlar\u0131n\u0131n b\u00fcy\u00fck \u00e7o\u011funlu\u011funda t\u00fcm banka promosyonu personele e\u015fit bir \u015fekilde da\u011f\u0131t\u0131l\u0131rken, adalet \u00e7al\u0131\u015fanlar\u0131na ayr\u0131mc\u0131l\u0131k yap\u0131larak, \u00e7ok maa\u015f alan \u00e7ok aza maa\u015f alana az \u00f6deme yap\u0131lm\u0131\u015ft\u0131r. <\/p>\n<p>Bu karar\u0131 al\u0131rken acaba gerek\u00e7e yine hukuki ve ekonomik miydi?<br \/>\nYap\u0131lan uygulamalarla yarg\u0131 \u00e7al\u0131\u015fanlar\u0131 d\u0131\u015flanmaktad\u0131r. Yarg\u0131n\u0131n mutfa\u011f\u0131nda \u00e7al\u0131\u015fan adalet emek\u00e7ilerine yap\u0131lan bu haks\u0131zl\u0131klar\u0131 protesto ediyoruz.<\/p>\n<p>Adalet Bakanl\u0131\u011f\u0131nca 14 Kas\u0131m 2012 tarihinde t\u00fcm yarg\u0131 birimlerine g\u00f6nderilen yaz\u0131da; \u201cpersonele hukuki ve ekonomik sebeplerle genel b\u00fct\u00e7e veya i\u015f yurtlar\u0131 b\u00fct\u00e7esinden 2013 y\u0131l\u0131ndan itibaren ula\u015f\u0131m i\u00e7in bilet yard\u0131m\u0131 yap\u0131lmayaca\u011f\u0131\u201d bildirilmi\u015ftir.<\/p>\n<p>Yaz\u0131da, neden b\u00f6yle bir karar\u0131n al\u0131nd\u0131\u011f\u0131yla ilgili hi\u00e7bir gerek\u00e7e belirtilmeden, sadece tek bir c\u00fcmle ile binlerce yarg\u0131 \u00e7al\u0131\u015fan\u0131n\u0131n y\u0131llardan beri kulland\u0131\u011f\u0131 serbest ula\u015f\u0131m kartlar\u0131n\u0131n 1 Ocak 2013 tarihinden itibaren iptal edildi\u011fi duyurulmu\u015ftur.<\/p>\n<p>Yarg\u0131 \u00e7al\u0131\u015fanlar\u0131n\u0131n y\u0131llardan beri kullanmakta olduklar\u0131 serbest ula\u015f\u0131m kartlar\u0131n\u0131n iptal edilmesi sonucu kazan\u0131lm\u0131\u015f haklar\u0131 ellerinden al\u0131nm\u0131\u015ft\u0131r.<\/p>\n<p>Beyo\u011flu, \u015ei\u015fli, Fatih, Ey\u00fcp, Sar\u0131yer, Be\u015fikta\u015f, Sultanahmet adliyeleri \u0130stanbul Adliyesi ad\u0131 alt\u0131nda burada bile\u015ftirilmi\u015ftir.<\/p>\n<p>Daha \u00f6nce ikametg\u00e2hlar\u0131n\u0131 g\u00f6revli olduklar\u0131 adliyelere g\u00f6re belirleyen \u00e7al\u0131\u015fanlar bu birle\u015fme sonucu ma\u011fdur edilmi\u015flerdir.<br \/>\nAyr\u0131ca, birle\u015fmeden \u00f6nce kendi adliyelerindeki bo\u015f kadrolara g\u00f6re Yaz\u0131 \u0130\u015fleri M\u00fcd\u00fcrl\u00fc\u011f\u00fc s\u0131nav\u0131na girip ba\u015far\u0131l\u0131 olan ancak kadrosuzluk nedeniyle atamas\u0131 yap\u0131lmayan personelin \u0130stanbul Adliyesindeki bo\u015f kadrolara atamalar\u0131n\u0131n yap\u0131lmas\u0131n\u0131 istiyoruz. Zira, halen bir Yaz\u0131 \u0130\u015fleri birden \u00e7ok mahkemenin yaz\u0131 i\u015fleri m\u00fcd\u00fcrl\u00fc\u011f\u00fc g\u00f6revini y\u00fcr\u00fctmektedir. <\/p>\n<p>\u0130stanbul Adliyesinde g\u00f6rev yapan yarg\u0131 \u00e7al\u0131\u015fanlar\u0131;<br \/>\nPersonel servislerinin belirli hatlardaki yetersizli\u011fi nedeniyle \u00e7al\u0131\u015fanlar i\u015fe gidi\u015f-geli\u015flerinde s\u0131k\u0131nt\u0131 ya\u015famaktad\u0131r.<\/p>\n<p>Yarg\u0131 hizmetlerinin kesintisiz olarak 24 saat s\u00fcreyle verilmesi nedeniyle gece mesaisine kalan personele n\u00f6bet \u00fccreti \u00f6denmedi\u011fi gibi herhangi bir izin de verilmemektedir. Ayr\u0131ca,  su\u00e7\u00fcst\u00fc n\u00f6betlerinde gece g\u00f6revli h\u00e2kim ve savc\u0131lar evlerine \u00f6zel servislerle giderken, personel kendi kaderine terk edilmi\u015ftir. \u00d6zellikle bayan personel a\u00e7\u0131s\u0131ndan sorun daha da b\u00fcy\u00fckt\u00fcr.<br \/>\n\u0130stanbul Adliyesindeki yemek \u00fccretleri \u00f6zel restoranlardaki tarifelere ula\u015fm\u0131\u015ft\u0131r.<\/p>\n<p>\u00d6\u011fle yeme\u011finde s\u00fcrekli yemek yiyen personel g\u00fcnl\u00fck 5,5 TL di\u011ferleri 7,5 TL \u00fccret \u00f6demektedir.<\/p>\n<p>Bu miktara Devletin her memur \u00f6dedi\u011fi i\u00e7in g\u00fcnl\u00fck 1,7 TL katk\u0131 pay\u0131n\u0131 da ekledi\u011finizde yemek \u00fccretleri 7,2 TL ile 9,2 TL olmaktad\u0131r. <\/p>\n<p>Di\u011fer kamu kurumlar\u0131ndaki personel bu miktarlar\u0131n yar\u0131 \u00fccretini \u00f6derken \u0130stanbul Adliyesinde yemekler ticarile\u015fmi\u015ftir. Bu nedenle personel yemek yiyemez duruma getirilmi\u015ftir.<\/p>\n<p>Bununla birlikte y\u0131llardan beri \u00f6denmekte olan ancak 2013 y\u0131l\u0131nda Bakanlar Kurulu karar\u0131na b\u0131rak\u0131lan fazla \u00e7al\u0131\u015fma \u00fccretlerinin ak\u0131beti konusunda yetililerin a\u00e7\u0131klama yapmas\u0131n\u0131 bekliyoruz. Fazla \u00e7al\u0131\u015fma \u00fccretleri g\u00fcn\u00fcm\u00fcz ko\u015fullar\u0131na g\u00f6re art\u0131r\u0131larak \u00f6denmelidir.<\/p>\n<p>\u00dcn\u00fcformal\u0131 olarak \u00e7al\u0131\u015fan yard\u0131mc\u0131 hizmetler s\u0131n\u0131f\u0131ndaki m\u00fcba\u015firler genel idare hizmetleri s\u0131n\u0131f\u0131na ge\u00e7irilmelidir.&#8221;<\/p>\n<h2 style='margin:20px 0;'>\u0130\u00e7erik Galerisi<\/h2>\n<p><img decoding=\"async\" src=\"wp-content\/uploads\/2016\/12\/336911827.jpg\" alt=\"Adalet Saray\u0131nda K\u00f6le Muamelesi\" style=\"width:100%;\" \/><\/p>\n<p><img decoding=\"async\" src=\"wp-content\/uploads\/2016\/12\/779429724.jpg\" alt=\"Adalet Saray\u0131nda K\u00f6le Muamelesi\" style=\"width:100%;\" \/><\/p>\n","protected":false},"excerpt":{"rendered":"<p>B\u00fcro Hak-Sen Genel Hukuk  Sekreteri Cevdet Telefoncu, \u0130stanbul \u00c7a\u011flayan Adliye Saray\u0131 \u00f6n\u00fcnde bas\u0131n a\u00e7\u0131klamas\u0131  yapt\u0131.<\/p>\n","protected":false},"author":1,"featured_media":2360,"comment_status":"closed","ping_status":"open","sticky":false,"template":"","format":"standard","meta":{"footnotes":""},"categories":[],"tags":[],"class_list":["post-2359","post","type-post","status-publish","format-standard","has-post-thumbnail"],"_links":{"self":[{"href":"https:\/\/haksen.org.tr\/index.php?rest_route=\/wp\/v2\/posts\/2359","targetHints":{"allow":["GET"]}}],"collection":[{"href":"https:\/\/haksen.org.tr\/index.php?rest_route=\/wp\/v2\/posts"}],"about":[{"href":"https:\/\/haksen.org.tr\/index.php?rest_route=\/wp\/v2\/types\/post"}],"author":[{"embeddable":true,"href":"https:\/\/haksen.org.tr\/index.php?rest_route=\/wp\/v2\/users\/1"}],"replies":[{"embeddable":true,"href":"https:\/\/haksen.org.tr\/index.php?rest_route=%2Fwp%2Fv2%2Fcomments&post=2359"}],"version-history":[{"count":0,"href":"https:\/\/haksen.org.tr\/index.php?rest_route=\/wp\/v2\/posts\/2359\/revisions"}],"wp:featuredmedia":[{"embeddable":true,"href":"https:\/\/haksen.org.tr\/index.php?rest_route=\/wp\/v2\/media\/2360"}],"wp:attachment":[{"href":"https:\/\/haksen.org.tr\/index.php?rest_route=%2Fwp%2Fv2%2Fmedia&parent=2359"}],"wp:term":[{"taxonomy":"category","embeddable":true,"href":"https:\/\/haksen.org.tr\/index.php?rest_route=%2Fwp%2Fv2%2Fcategories&post=2359"},{"taxonomy":"post_tag","embeddable":true,"href":"https:\/\/haksen.org.tr\/index.php?rest_route=%2Fwp%2Fv2%2Ftags&post=2359"}],"curies":[{"name":"wp","href":"https:\/\/api.w.org\/{rel}","templated":true}]}}