{"id":2357,"date":"2013-01-19T12:00:00","date_gmt":"2013-01-19T12:00:00","guid":{"rendered":"http:\/\/haksen.org.tr\/?p=2357"},"modified":"2013-01-19T12:00:00","modified_gmt":"2013-01-19T12:00:00","slug":"kamu-personel-sisteminin-sorunlari-calistayi","status":"publish","type":"post","link":"https:\/\/haksen.org.tr\/?p=2357","title":{"rendered":"Kamu Personel Sisteminin Sorunlar\u0131 \u00c7al\u0131\u015ftay\u0131"},"content":{"rendered":"<p>Devlet Personel Ba\u015fkanl\u0131\u011f\u0131nca d\u00fczenlenen &#8220;KAMU PERSONEL S\u0130STEM\u0130N\u0130N SORUNLARI, \u00c7\u00d6Z\u00dcM \u00d6NER\u0130LER\u0130 VE 2023 V\u0130ZYONU \u00c7ALI\u015eTAYI&#8221; 26-27 Ocak 2013 tarihlerinde Abant&#8217;ta yap\u0131lacak.<\/p>\n<p>\u00c7al\u0131\u015fma ve Sosyal G\u00fcvenlik Bakan\u0131 Faruk \u00c7elik&#8217;in de kat\u0131laca\u011f\u0131 \u00e7al\u0131\u015ftaya Memur Sendikalar\u0131 Konfederasyonlar\u0131, Kamu Kurum ve Kurulu\u015flar\u0131n\u0131n  \u00fcst d\u00fczey y\u00f6neticileri ve \u0130nsan Kaynaklar\u0131 Daire Ba\u015fkanlar\u0131 ve Devlet Personel Uzmanlar\u0131 kat\u0131lacak.<\/p>\n<p>\u00c7al\u0131\u015ftaya Haksen&#8217;i temsilen Genel Ba\u015fkan Ayhan \u00c7ivi kat\u0131lacak.<\/p>\n<p>\u00c7al\u0131\u015ftay&#8217;a ili\u015fkin  detayl\u0131 bilgiler ekte sunulmu\u015ftur.<\/p>\n","protected":false},"excerpt":{"rendered":"<p>Kamu Personel Sisteminin Sorunlar\u0131 ve \u00c7\u00f6z\u00fcm \u00d6nerilerinin tart\u0131\u015f\u0131laca\u011f\u0131 \u00e7al\u0131\u015ftaya konfederasyonumuzu temsilen Genel Ba\u015fkan Ayhan \u00c7ivi kat\u0131lacak. <\/p>\n","protected":false},"author":1,"featured_media":2358,"comment_status":"closed","ping_status":"open","sticky":false,"template":"","format":"standard","meta":{"footnotes":""},"categories":[],"tags":[],"class_list":["post-2357","post","type-post","status-publish","format-standard","has-post-thumbnail"],"_links":{"self":[{"href":"https:\/\/haksen.org.tr\/index.php?rest_route=\/wp\/v2\/posts\/2357","targetHints":{"allow":["GET"]}}],"collection":[{"href":"https:\/\/haksen.org.tr\/index.php?rest_route=\/wp\/v2\/posts"}],"about":[{"href":"https:\/\/haksen.org.tr\/index.php?rest_route=\/wp\/v2\/types\/post"}],"author":[{"embeddable":true,"href":"https:\/\/haksen.org.tr\/index.php?rest_route=\/wp\/v2\/users\/1"}],"replies":[{"embeddable":true,"href":"https:\/\/haksen.org.tr\/index.php?rest_route=%2Fwp%2Fv2%2Fcomments&post=2357"}],"version-history":[{"count":0,"href":"https:\/\/haksen.org.tr\/index.php?rest_route=\/wp\/v2\/posts\/2357\/revisions"}],"wp:featuredmedia":[{"embeddable":true,"href":"https:\/\/haksen.org.tr\/index.php?rest_route=\/wp\/v2\/media\/2358"}],"wp:attachment":[{"href":"https:\/\/haksen.org.tr\/index.php?rest_route=%2Fwp%2Fv2%2Fmedia&parent=2357"}],"wp:term":[{"taxonomy":"category","embeddable":true,"href":"https:\/\/haksen.org.tr\/index.php?rest_route=%2Fwp%2Fv2%2Fcategories&post=2357"},{"taxonomy":"post_tag","embeddable":true,"href":"https:\/\/haksen.org.tr\/index.php?rest_route=%2Fwp%2Fv2%2Ftags&post=2357"}],"curies":[{"name":"wp","href":"https:\/\/api.w.org\/{rel}","templated":true}]}}