{"id":2355,"date":"2013-01-18T12:00:00","date_gmt":"2013-01-18T12:00:00","guid":{"rendered":"http:\/\/haksen.org.tr\/?p=2355"},"modified":"2013-01-18T12:00:00","modified_gmt":"2013-01-18T12:00:00","slug":"parmak-iziyle-mesai-takibine-itiraz-","status":"publish","type":"post","link":"https:\/\/haksen.org.tr\/?p=2355","title":{"rendered":"Parmak \u0130ziyle Mesai Takibine \u0130tiraz"},"content":{"rendered":"<p>15 Ocak 2013 tarihinde Ankara Vergi Dairesi Ba\u015fkanl\u0131\u011f\u0131na ba\u011fl\u0131 birimlere g\u00f6nderilen yaz\u0131da, personelin mesai, giri\u015f ve \u00e7\u0131k\u0131\u015flar\u0131n\u0131n takibinin parmak iziyle yap\u0131laca\u011f\u0131ndan dolay\u0131 personelin parmak izlerinin al\u0131nmas\u0131 talep edilmi\u015ftir.<\/p>\n<p>Anayasam\u0131za ve uluslararas\u0131 s\u00f6zle\u015fmelere ayk\u0131r\u0131 olarak yap\u0131lacak olan uygulaman\u0131n iptal edilmesi i\u00e7in Genel Ba\u015fkan Ayhan \u00c7ivi taraf\u0131ndan Ankara Vergi Dairesi Ba\u015fkanl\u0131\u011f\u0131na yaz\u0131l\u0131 ba\u015fvuru yap\u0131lm\u0131\u015ft\u0131r.<\/p>\n<p>Uygulaman\u0131n devam etmesi halinde sendika \u00fcyelerimiz ad\u0131na gerekli yarg\u0131 ba\u015fvurusu yap\u0131lacakt\u0131r.<\/p>\n","protected":false},"excerpt":{"rendered":"<p>Ankara Vergi Dairesi Ba\u015fkanl\u0131\u011f\u0131na ba\u011fl\u0131 birimlerdeki personelin mesai takibi i\u00e7in parmak izi al\u0131nmas\u0131 i\u015flemine \u00fcyelerimiz ad\u0131na itiraz ettik.<\/p>\n","protected":false},"author":1,"featured_media":2356,"comment_status":"closed","ping_status":"open","sticky":false,"template":"","format":"standard","meta":{"footnotes":""},"categories":[],"tags":[],"class_list":["post-2355","post","type-post","status-publish","format-standard","has-post-thumbnail"],"_links":{"self":[{"href":"https:\/\/haksen.org.tr\/index.php?rest_route=\/wp\/v2\/posts\/2355","targetHints":{"allow":["GET"]}}],"collection":[{"href":"https:\/\/haksen.org.tr\/index.php?rest_route=\/wp\/v2\/posts"}],"about":[{"href":"https:\/\/haksen.org.tr\/index.php?rest_route=\/wp\/v2\/types\/post"}],"author":[{"embeddable":true,"href":"https:\/\/haksen.org.tr\/index.php?rest_route=\/wp\/v2\/users\/1"}],"replies":[{"embeddable":true,"href":"https:\/\/haksen.org.tr\/index.php?rest_route=%2Fwp%2Fv2%2Fcomments&post=2355"}],"version-history":[{"count":0,"href":"https:\/\/haksen.org.tr\/index.php?rest_route=\/wp\/v2\/posts\/2355\/revisions"}],"wp:featuredmedia":[{"embeddable":true,"href":"https:\/\/haksen.org.tr\/index.php?rest_route=\/wp\/v2\/media\/2356"}],"wp:attachment":[{"href":"https:\/\/haksen.org.tr\/index.php?rest_route=%2Fwp%2Fv2%2Fmedia&parent=2355"}],"wp:term":[{"taxonomy":"category","embeddable":true,"href":"https:\/\/haksen.org.tr\/index.php?rest_route=%2Fwp%2Fv2%2Fcategories&post=2355"},{"taxonomy":"post_tag","embeddable":true,"href":"https:\/\/haksen.org.tr\/index.php?rest_route=%2Fwp%2Fv2%2Ftags&post=2355"}],"curies":[{"name":"wp","href":"https:\/\/api.w.org\/{rel}","templated":true}]}}