{"id":2345,"date":"2013-01-10T12:00:00","date_gmt":"2013-01-10T12:00:00","guid":{"rendered":"http:\/\/haksen.org.tr\/?p=2345"},"modified":"2013-01-10T12:00:00","modified_gmt":"2013-01-10T12:00:00","slug":"yargidaki-adaletsizlige-ciplak-ayakli-protesto-","status":"publish","type":"post","link":"https:\/\/haksen.org.tr\/?p=2345","title":{"rendered":"Yarg\u0131daki Adaletsizli\u011fe \u00c7\u0131plak Ayakl\u0131 Protesto"},"content":{"rendered":"<p>Adalet Bakanl\u0131\u011f\u0131 \u00f6n\u00fcnde toplanan B\u00fcro Hak-Sen \u00fcyesi yarg\u0131 \u00e7al\u0131\u015fanlar\u0131, ayakkab\u0131lar\u0131n\u0131 \u00e7\u0131kararak alt\u0131na \u201cAdalet yaya kald\u0131\u201d yazd\u0131lar. \u201cYarg\u0131da adalet, adalette sefalet\u201d, \u201cFazla \u00e7al\u0131\u015fma hakk\u0131m\u0131z, s\u00f6ke s\u00f6ke al\u0131r\u0131z\u201d sloganlar\u0131 atan grup ad\u0131na Haksen ve B\u00fcro Hak-Sen Genel Ba\u015fkan\u0131 Ayhan \u00c7ivi bir a\u00e7\u0131klama yapt\u0131. <\/p>\n<p>\u00c7ivi, \u00fclkede yarg\u0131da adaleti sadece hakim ve savc\u0131lardan ibaret g\u00f6ren bir anlay\u0131\u015f\u0131n hakim oldu\u011funu vurgulayarak, bunun da yarg\u0131da adaletsizlik olu\u015fturdu\u011funu kaydetti.<\/p>\n<p>Yarg\u0131 \u00e7al\u0131\u015fanlar\u0131n\u0131n serbest ula\u015f\u0131m kartlar\u0131n\u0131n iptal edildi\u011fini ifade eden \u00c7ivi, fazla \u00e7al\u0131\u015fma haklar\u0131n\u0131n da iptal edilerek 400 TL gelirlerinin ellerinden al\u0131nd\u0131\u011f\u0131n\u0131 s\u00f6yledi. <\/p>\n<p>Yarg\u0131 \u00e7al\u0131\u015fanlar\u0131n\u0131n gayri s\u0131hhi ko\u015fullarda \u00e7al\u0131\u015ft\u0131\u011f\u0131n\u0131 ifade eden \u00c7ivi, \u201cYarg\u0131 y\u00f6neticileri yarg\u0131 \u00e7al\u0131\u015fanlar\u0131n\u0131 inim inim inletiyor\u201d dedi.<\/p>\n<p>Yarg\u0131 \u00e7al\u0131\u015fanlar\u0131n\u0131n haklar\u0131n\u0131n iptal edilmesinin hukuki ve yasal gerek\u00e7esinin olmad\u0131\u011f\u0131n\u0131 kaydeden \u00c7ivi, \u201cAdaleti mahkemeye vermek zorunda kalaca\u011f\u0131z. Hakimleri hakimlere \u015fikayet edece\u011fiz\u201d diye konu\u015ftu.<\/p>\n<p>B\u00fcro Hak-Sen Genel Hukuk Sekreteri Cevdet Telefoncu\u2019da Adalet Bakan\u0131na hitaben yarg\u0131 \u00e7al\u0131\u015fanlar\u0131n\u0131n sorunlar\u0131n\u0131 i\u00e7eren k\u0131sa bir metin okudu.<\/p>\n<p>Yap\u0131lan a\u00e7\u0131klaman\u0131n ard\u0131ndan serbest ula\u015f\u0131m kartlar\u0131n\u0131n  iptal edilmesini protesto eden yarg\u0131 \u00e7al\u0131\u015fanlar\u0131, bir s\u00fcre \u00e7\u0131plak ayakla y\u00fcr\u00fcd\u00fckten sonra eylemi sona erdirdi.<\/p>\n<p>&#8220;<a href=\"http:\/\/vimeo.com\/57267335\"> KANAL D HABER\u0130N\u0130 \u0130ZLEMEK \u0130\u00c7\u0130N TIKLAYINIZ<\/a>&#8221;<\/p>\n<p>&#8220;<a href=\"http:\/\/vimeo.com\/57277309\"> ATV HABER\u0130N\u0130 \u0130ZLEMEK \u0130\u00c7\u0130N TIKLAYINIZ<\/a>&#8221;<\/p>\n<p>&#8220;<a href=\"http:\/\/vimeo.com\/57304501\"> FOX TV HABER\u0130N\u0130 \u0130ZLEMEK \u0130\u00c7\u0130N TIKLAYINIZ<\/a>&#8220;<\/p>\n<h2 style='margin:20px 0;'>\u0130\u00e7erik Galerisi<\/h2>\n<p><img decoding=\"async\" src=\"wp-content\/uploads\/2016\/12\/490077971.JPG\" alt=\"Yarg\u0131daki Adaletsizli\u011fe \u00c7\u0131plak Ayakl\u0131 Protesto \" style=\"width:100%;\" \/><\/p>\n<p><img decoding=\"async\" src=\"wp-content\/uploads\/2016\/12\/478933412.JPG\" alt=\"Yarg\u0131daki Adaletsizli\u011fe \u00c7\u0131plak Ayakl\u0131 Protesto \" style=\"width:100%;\" \/><\/p>\n<p><img decoding=\"async\" src=\"wp-content\/uploads\/2016\/12\/570130760.JPG\" alt=\"Yarg\u0131daki Adaletsizli\u011fe \u00c7\u0131plak Ayakl\u0131 Protesto \" style=\"width:100%;\" \/><\/p>\n<p><img decoding=\"async\" src=\"wp-content\/uploads\/2016\/12\/900969899.JPG\" alt=\"Yarg\u0131daki Adaletsizli\u011fe \u00c7\u0131plak Ayakl\u0131 Protesto \" style=\"width:100%;\" \/><\/p>\n<p><img decoding=\"async\" src=\"wp-content\/uploads\/2016\/12\/25341180.JPG\" alt=\"Yarg\u0131daki Adaletsizli\u011fe \u00c7\u0131plak Ayakl\u0131 Protesto \" style=\"width:100%;\" \/><\/p>\n<p><img decoding=\"async\" src=\"wp-content\/uploads\/2016\/12\/475997204.JPG\" alt=\"Yarg\u0131daki Adaletsizli\u011fe \u00c7\u0131plak Ayakl\u0131 Protesto \" style=\"width:100%;\" \/><\/p>\n<p><img decoding=\"async\" src=\"wp-content\/uploads\/2016\/12\/484234974.JPG\" alt=\"Yarg\u0131daki Adaletsizli\u011fe \u00c7\u0131plak Ayakl\u0131 Protesto \" style=\"width:100%;\" \/><\/p>\n<p><img decoding=\"async\" src=\"wp-content\/uploads\/2016\/12\/414223119.JPG\" alt=\"Yarg\u0131daki Adaletsizli\u011fe \u00c7\u0131plak Ayakl\u0131 Protesto \" style=\"width:100%;\" \/><\/p>\n","protected":false},"excerpt":{"rendered":"<p>B\u00fcro Hak-Sen\u2019e ba\u011fl\u0131 yarg\u0131 \u00e7al\u0131\u015fanlar\u0131, serbest ula\u015f\u0131m kartlar\u0131n\u0131n iptalini \u00e7\u0131plak ayakla y\u00fcr\u00fcyerek protesto etti.<\/p>\n","protected":false},"author":1,"featured_media":2346,"comment_status":"closed","ping_status":"open","sticky":false,"template":"","format":"standard","meta":{"footnotes":""},"categories":[],"tags":[],"class_list":["post-2345","post","type-post","status-publish","format-standard","has-post-thumbnail"],"_links":{"self":[{"href":"https:\/\/haksen.org.tr\/index.php?rest_route=\/wp\/v2\/posts\/2345","targetHints":{"allow":["GET"]}}],"collection":[{"href":"https:\/\/haksen.org.tr\/index.php?rest_route=\/wp\/v2\/posts"}],"about":[{"href":"https:\/\/haksen.org.tr\/index.php?rest_route=\/wp\/v2\/types\/post"}],"author":[{"embeddable":true,"href":"https:\/\/haksen.org.tr\/index.php?rest_route=\/wp\/v2\/users\/1"}],"replies":[{"embeddable":true,"href":"https:\/\/haksen.org.tr\/index.php?rest_route=%2Fwp%2Fv2%2Fcomments&post=2345"}],"version-history":[{"count":0,"href":"https:\/\/haksen.org.tr\/index.php?rest_route=\/wp\/v2\/posts\/2345\/revisions"}],"wp:featuredmedia":[{"embeddable":true,"href":"https:\/\/haksen.org.tr\/index.php?rest_route=\/wp\/v2\/media\/2346"}],"wp:attachment":[{"href":"https:\/\/haksen.org.tr\/index.php?rest_route=%2Fwp%2Fv2%2Fmedia&parent=2345"}],"wp:term":[{"taxonomy":"category","embeddable":true,"href":"https:\/\/haksen.org.tr\/index.php?rest_route=%2Fwp%2Fv2%2Fcategories&post=2345"},{"taxonomy":"post_tag","embeddable":true,"href":"https:\/\/haksen.org.tr\/index.php?rest_route=%2Fwp%2Fv2%2Ftags&post=2345"}],"curies":[{"name":"wp","href":"https:\/\/api.w.org\/{rel}","templated":true}]}}