{"id":2341,"date":"2013-01-09T12:00:00","date_gmt":"2013-01-09T12:00:00","guid":{"rendered":"http:\/\/haksen.org.tr\/?p=2341"},"modified":"2013-01-09T12:00:00","modified_gmt":"2013-01-09T12:00:00","slug":"thk-adiyaman-subesini-ziyareti","status":"publish","type":"post","link":"https:\/\/haksen.org.tr\/?p=2341","title":{"rendered":"THK Ad\u0131yaman \u015eubesini Ziyareti"},"content":{"rendered":"<p>Bir d\u00f6nem E\u011fitim Hak-Sen Y\u00f6netim Kurulu \u00fcyesi olarak sendikal m\u00fccadelemize hizmet eden T\u00fcrk Hava Kurumu Ad\u0131yaman \u015eube Ba\u015fkan\u0131 Yusuf U\u011fur&#8217;u makam\u0131nda ziyaret eden Genel Ba\u015fkan Ayhan \u00c7ivi, \u015fubenin \u015feref defterini de imzalad\u0131.<\/p>\n<p>Ziyarete, E\u011fitim Hak-Sen Genel Ba\u015fkan\u0131 Hanifi G\u00f6k\u00e7ek, Haksen Bas\u0131n Koordinat\u00f6r\u00fc Yusuf Kara\u00e7or, E\u011fitim Hak-Sen Y\u00f6netim Kurulu \u00fcyesi S\u00fcleyman I\u015f\u0131k ve E\u011fitim Hak-Sen Ankara 1 Nolu \u015eube Ba\u015fkan\u0131 \u00dcmit \u015eeref Yar\u0131c\u0131 kat\u0131ld\u0131lar.<\/p>\n<h2 style='margin:20px 0;'>\u0130\u00e7erik Galerisi<\/h2>\n<p><img decoding=\"async\" src=\"wp-content\/uploads\/2016\/12\/883486821.JPG\" alt=\"THK Ad\u0131yaman \u015eubesini Ziyareti\" style=\"width:100%;\" \/><\/p>\n<p><img decoding=\"async\" src=\"wp-content\/uploads\/2016\/12\/713623517.JPG\" alt=\"THK Ad\u0131yaman \u015eubesini Ziyareti\" style=\"width:100%;\" \/><\/p>\n","protected":false},"excerpt":{"rendered":"<p>Genel Ba\u015fkan Ayhan \u00c7ivi, T\u00fcrk Hava Kurumu Ad\u0131yaman \u015eubesini ziyaret ederek, \u015fube ba\u015fkan\u0131 Yusuf U\u011fur&#8217;a \u00e7al\u0131\u015fmalar\u0131nda ba\u015far\u0131lar diledi.<\/p>\n","protected":false},"author":1,"featured_media":2342,"comment_status":"closed","ping_status":"open","sticky":false,"template":"","format":"standard","meta":{"footnotes":""},"categories":[],"tags":[],"class_list":["post-2341","post","type-post","status-publish","format-standard","has-post-thumbnail"],"_links":{"self":[{"href":"https:\/\/haksen.org.tr\/index.php?rest_route=\/wp\/v2\/posts\/2341","targetHints":{"allow":["GET"]}}],"collection":[{"href":"https:\/\/haksen.org.tr\/index.php?rest_route=\/wp\/v2\/posts"}],"about":[{"href":"https:\/\/haksen.org.tr\/index.php?rest_route=\/wp\/v2\/types\/post"}],"author":[{"embeddable":true,"href":"https:\/\/haksen.org.tr\/index.php?rest_route=\/wp\/v2\/users\/1"}],"replies":[{"embeddable":true,"href":"https:\/\/haksen.org.tr\/index.php?rest_route=%2Fwp%2Fv2%2Fcomments&post=2341"}],"version-history":[{"count":0,"href":"https:\/\/haksen.org.tr\/index.php?rest_route=\/wp\/v2\/posts\/2341\/revisions"}],"wp:featuredmedia":[{"embeddable":true,"href":"https:\/\/haksen.org.tr\/index.php?rest_route=\/wp\/v2\/media\/2342"}],"wp:attachment":[{"href":"https:\/\/haksen.org.tr\/index.php?rest_route=%2Fwp%2Fv2%2Fmedia&parent=2341"}],"wp:term":[{"taxonomy":"category","embeddable":true,"href":"https:\/\/haksen.org.tr\/index.php?rest_route=%2Fwp%2Fv2%2Fcategories&post=2341"},{"taxonomy":"post_tag","embeddable":true,"href":"https:\/\/haksen.org.tr\/index.php?rest_route=%2Fwp%2Fv2%2Ftags&post=2341"}],"curies":[{"name":"wp","href":"https:\/\/api.w.org\/{rel}","templated":true}]}}