{"id":2331,"date":"2012-12-27T12:00:00","date_gmt":"2012-12-27T12:00:00","guid":{"rendered":"http:\/\/haksen.org.tr\/?p=2331"},"modified":"2012-12-27T12:00:00","modified_gmt":"2012-12-27T12:00:00","slug":"2013-yilinda-0-zam-istiyoruz-ama-","status":"publish","type":"post","link":"https:\/\/haksen.org.tr\/?p=2331","title":{"rendered":"2013 Y\u0131l\u0131nda 0 Zam \u0130stiyoruz Ama !"},"content":{"rendered":"<p>YEN\u0130 YILIN \u0130LK EYLEM\u0130NE \u00c7A\u011eRI<\/p>\n<p>KAMUDA \u00dcCRET ADALETS\u0130ZL\u0130\u011e\u0130 G\u0130DER\u0130LECEK DED\u0130LER;<\/p>\n<p>AYNI ODADA<\/p>\n<p>KADROLU,<\/p>\n<p>KADRO KAR\u015eILI\u011eI S\u00d6ZLE\u015eMEL\u0130,<\/p>\n<p>S\u00d6ZLE\u015eMEL\u0130,<\/p>\n<p>4\/C L\u0130<\/p>\n<p>PERSONEL  \u00c7ALI\u015eTIRILMAYA DEVAM ED\u0130L\u0130YOR.<\/p>\n<p>S\u00d6ZDE \u00dcCRET ADALETS\u0130ZL\u0130\u011e\u0130N\u0130 G\u0130DERMEK \u0130\u00c7\u0130N<\/p>\n<p>EK \u00d6DEMELER  YAPILIYOR.<\/p>\n<p>ANCAK EK \u00d6DEMELER  EMEKL\u0130 AYLI\u011eIMIZA<\/p>\n<p>EMEKL\u0130 \u0130KRAM\u0130YEM\u0130ZE DAH\u0130L ED\u0130LM\u0130YOR.<\/p>\n<p>EK \u00d6DEMELER \u015e\u0130MD\u0130 \u00d6DEN\u0130YOR AMA GELECE\u011e\u0130M\u0130ZDEN TAHS\u0130L ED\u0130L\u0130YOR.<\/p>\n<p>Y\u00dcZB\u0130NLERCE MEMUR EMEKL\u0130 OLDU\u011eUNDA MAA\u015eI YARI YARIYA D\u00dc\u015e\u00dcYOR.<\/p>\n<p>EMEKL\u0130 OLAN MEMURLAR DA \u0130K\u0130NC\u0130 B\u0130R \u0130\u015eTE \u00c7ALI\u015eLMAK ZORUNDA KALIYOR.<\/p>\n<p>\u0130NSANCA YA\u015eAM VE \u0130NSANCA B\u0130R EMEKL\u0130L\u0130K \u0130\u00c7\u0130N<\/p>\n<p>2013 YILINDA 0 ZAM \u0130ST\u0130YORUZ AMA!<\/p>\n<p>EK \u00d6DEMELER EMEKL\u0130 MAA\u015eLARINA,<\/p>\n<p>EMEKL\u0130 \u0130KRAM\u0130YES\u0130NE DAH\u0130L ED\u0130LS\u0130N.<\/p>\n<p>\u00dcCRET ADALETS\u0130ZL\u0130\u011e\u0130NE VE EMEKL\u0130L\u0130K KABUSUNA<\/p>\n<p> DUR DEMEK \u0130\u00c7\u0130N <\/p>\n<p>YEN\u0130 YILIN \u0130LK EYLEM\u0130NDE<\/p>\n<p>1 OCAK 2013 SALI G\u00dcN\u00dc SAAT 13:00 DE KIZILAY\u2019DA<\/p>\n<p>M\u0130LL\u0130 P\u0130YANGO\u2019NUN \u00d6N\u00dcNDEY\u0130Z<\/p>\n<p>GELECE\u011e\u0130M\u0130ZE HEP B\u0130RL\u0130KTE SAH\u0130P \u00c7IKALIM.<\/p>\n<p>YILIN \u0130LK EYLEM\u0130NDE BULU\u015eALIM.<\/p>\n","protected":false},"excerpt":{"rendered":"<p>Haksen , 2013 y\u0131l\u0131n\u0131n ilk eylemini 1 Ocak 2013 Sal\u0131 g\u00fcn\u00fc Saat 13:00 de Ankara K\u0131z\u0131lay&#8217;da Milli Piyango \u0130daresinin \u00f6n\u00fcnde yapacak.<\/p>\n","protected":false},"author":1,"featured_media":2332,"comment_status":"closed","ping_status":"open","sticky":false,"template":"","format":"standard","meta":{"footnotes":""},"categories":[],"tags":[],"class_list":["post-2331","post","type-post","status-publish","format-standard","has-post-thumbnail"],"_links":{"self":[{"href":"https:\/\/haksen.org.tr\/index.php?rest_route=\/wp\/v2\/posts\/2331","targetHints":{"allow":["GET"]}}],"collection":[{"href":"https:\/\/haksen.org.tr\/index.php?rest_route=\/wp\/v2\/posts"}],"about":[{"href":"https:\/\/haksen.org.tr\/index.php?rest_route=\/wp\/v2\/types\/post"}],"author":[{"embeddable":true,"href":"https:\/\/haksen.org.tr\/index.php?rest_route=\/wp\/v2\/users\/1"}],"replies":[{"embeddable":true,"href":"https:\/\/haksen.org.tr\/index.php?rest_route=%2Fwp%2Fv2%2Fcomments&post=2331"}],"version-history":[{"count":0,"href":"https:\/\/haksen.org.tr\/index.php?rest_route=\/wp\/v2\/posts\/2331\/revisions"}],"wp:featuredmedia":[{"embeddable":true,"href":"https:\/\/haksen.org.tr\/index.php?rest_route=\/wp\/v2\/media\/2332"}],"wp:attachment":[{"href":"https:\/\/haksen.org.tr\/index.php?rest_route=%2Fwp%2Fv2%2Fmedia&parent=2331"}],"wp:term":[{"taxonomy":"category","embeddable":true,"href":"https:\/\/haksen.org.tr\/index.php?rest_route=%2Fwp%2Fv2%2Fcategories&post=2331"},{"taxonomy":"post_tag","embeddable":true,"href":"https:\/\/haksen.org.tr\/index.php?rest_route=%2Fwp%2Fv2%2Ftags&post=2331"}],"curies":[{"name":"wp","href":"https:\/\/api.w.org\/{rel}","templated":true}]}}