{"id":2324,"date":"2012-12-25T12:00:00","date_gmt":"2012-12-25T12:00:00","guid":{"rendered":"http:\/\/haksen.org.tr\/?p=2324"},"modified":"2012-12-25T12:00:00","modified_gmt":"2012-12-25T12:00:00","slug":"universite-calisanlarinin-gelecegi-tartisildi","status":"publish","type":"post","link":"https:\/\/haksen.org.tr\/?p=2324","title":{"rendered":"\u00dcniversite \u00c7al\u0131\u015fanlar\u0131n\u0131n Gelece\u011fi Tart\u0131\u015f\u0131ld\u0131"},"content":{"rendered":"<p>T\u00fcrkiye Emekliler Derne\u011fi  Toplant\u0131 Salonunda yap\u0131lan \u201cY\u00d6K REFORMU VE \u00dcN\u0130VERS\u0130TE \u00c7ALI\u015eANLARININ GELECE\u011e\u0130\u201d konulu \u00e7al\u0131\u015ftaya Haksen Genel Ba\u015fkan\u0131 Ayhan \u00c7ivi, E\u011fitim Hak-Sen Genel Ba\u015fkan\u0131 Hanifi G\u00f6k\u00e7ek, Sa\u011fl\u0131k Hak-Sen Genel Ba\u015fkan\u0131 Selahattin Karaca, Haber Hak-Sen Genel Ba\u015fkan\u0131 Y\u0131lmaz Kaya, Ankara \u00dcniversitesi \u0130dari Personel Konseyi Ba\u015fkan\u0131 \u0130lker A\u00e7\u0131ky\u00fcrek, sendika y\u00f6neticileri , \u00dcniveriste \u00e7al\u0131\u015fanlar\u0131 ve \u00fcyelerimiz kat\u0131ld\u0131lar.<\/p>\n<p>Sunuculu\u011funu Zuhal G\u00fclo\u011flu&#8217;nun yapt\u0131\u011f\u0131 \u00e7al\u0131\u015ftay\u0131n a\u00e7\u0131l\u0131\u015f\u0131nda s\u0131ras\u0131yla, E\u011fitim Hak-Sen Genel Ba\u015fkan\u0131 Hanifi G\u00f6k\u00e7ek,Haksen Genel Ba\u015fkan\u0131 Ayhan \u00c7ivi ile  Ankara \u00dcniversitesi \u0130dari Personel Konseyi Ba\u015fkan\u0131 \u0130lker A\u00e7\u0131ky\u00fcrek birer konu\u015fma yapt\u0131lar.<\/p>\n<p>Oturum Ba\u015fkanl\u0131\u011f\u0131n\u0131 Ankara \u00dcniversitesi  Siyasal Bilgiler Fak\u00fcltesi Kamu Y\u00f6netimi B\u00f6l\u00fcm\u00fc\u2019nden  Dr. Ozan Zengin\u2019in yapt\u0131\u011f\u0131 sunum b\u00f6l\u00fcm\u00fcnde  Ankara \u00dcniversitesi Sa\u011fl\u0131k Bilimleri Fak\u00fclte Sekreteri Adnan Akdeniz ve E\u011fitim Hak-Sen Genel Sekreteri Erdin\u00e7 Topta\u015f , yeni Y\u00d6K Yasas\u0131 hakk\u0131ndaki  g\u00f6r\u00fc\u015flerini a\u00e7\u0131klad\u0131lar.<\/p>\n<p>&#8220;<a href=\"http:\/\/vimeo.com\/56283161\"> AYHAN \u00c7\u0130V\u0130\u2019N\u0130N  KONU\u015eMASINI  \u0130ZLEMEK \u0130\u00c7\u0130N TIKLAYINIZ<\/a>&#8221;<\/p>\n<p>&#8220;<a href=\"http:\/\/vimeo.com\/56282413\"> HAN\u0130F\u0130 G\u00d6K\u00c7EK\u2019\u0130N KONU\u015eMASINI  \u0130ZLEMEK \u0130\u00c7\u0130N TIKLAYINIZ<\/a>&#8221;<\/p>\n<p>&#8220;<a href=\"http:\/\/vimeo.com\/56295214\">\u0130LKER A\u00c7IKY\u00dcREK\u2019\u0130N KONU\u015eMASINI  \u0130ZLEMEK \u0130\u00c7\u0130N TIKLAYINIZ<\/a>&#8221;<\/p>\n<h2 style='margin:20px 0;'>\u0130\u00e7erik Galerisi<\/h2>\n<p><img decoding=\"async\" src=\"wp-content\/uploads\/2016\/12\/1598883.JPG\" alt=\"\u00dcniversite \u00c7al\u0131\u015fanlar\u0131n\u0131n Gelece\u011fi Tart\u0131\u015f\u0131ld\u0131\" style=\"width:100%;\" \/><\/p>\n<p><img decoding=\"async\" src=\"wp-content\/uploads\/2016\/12\/544450125.JPG\" alt=\"\u00dcniversite \u00c7al\u0131\u015fanlar\u0131n\u0131n Gelece\u011fi Tart\u0131\u015f\u0131ld\u0131\" style=\"width:100%;\" \/><\/p>\n<p><img decoding=\"async\" src=\"wp-content\/uploads\/2016\/12\/214449635.JPG\" alt=\"\u00dcniversite \u00c7al\u0131\u015fanlar\u0131n\u0131n Gelece\u011fi Tart\u0131\u015f\u0131ld\u0131\" style=\"width:100%;\" \/><\/p>\n<p><img decoding=\"async\" src=\"wp-content\/uploads\/2016\/12\/233975993.JPG\" alt=\"\u00dcniversite \u00c7al\u0131\u015fanlar\u0131n\u0131n Gelece\u011fi Tart\u0131\u015f\u0131ld\u0131\" style=\"width:100%;\" \/><\/p>\n<p><img decoding=\"async\" src=\"wp-content\/uploads\/2016\/12\/724872555.JPG\" alt=\"\u00dcniversite \u00c7al\u0131\u015fanlar\u0131n\u0131n Gelece\u011fi Tart\u0131\u015f\u0131ld\u0131\" style=\"width:100%;\" \/><\/p>\n","protected":false},"excerpt":{"rendered":"<p>E\u011fitim Hak-Sen taraf\u0131ndan \u201cY\u00fcksek\u00f6\u011fretim Reformu ve \u00dcniversite \u00c7al\u0131\u015fanlar\u0131n\u0131n Gelece\u011fi\u201d  konulu \u00e7al\u0131\u015ftay  d\u00fczenlendi.<\/p>\n","protected":false},"author":1,"featured_media":2325,"comment_status":"closed","ping_status":"open","sticky":false,"template":"","format":"standard","meta":{"footnotes":""},"categories":[],"tags":[],"class_list":["post-2324","post","type-post","status-publish","format-standard","has-post-thumbnail"],"_links":{"self":[{"href":"https:\/\/haksen.org.tr\/index.php?rest_route=\/wp\/v2\/posts\/2324","targetHints":{"allow":["GET"]}}],"collection":[{"href":"https:\/\/haksen.org.tr\/index.php?rest_route=\/wp\/v2\/posts"}],"about":[{"href":"https:\/\/haksen.org.tr\/index.php?rest_route=\/wp\/v2\/types\/post"}],"author":[{"embeddable":true,"href":"https:\/\/haksen.org.tr\/index.php?rest_route=\/wp\/v2\/users\/1"}],"replies":[{"embeddable":true,"href":"https:\/\/haksen.org.tr\/index.php?rest_route=%2Fwp%2Fv2%2Fcomments&post=2324"}],"version-history":[{"count":0,"href":"https:\/\/haksen.org.tr\/index.php?rest_route=\/wp\/v2\/posts\/2324\/revisions"}],"wp:featuredmedia":[{"embeddable":true,"href":"https:\/\/haksen.org.tr\/index.php?rest_route=\/wp\/v2\/media\/2325"}],"wp:attachment":[{"href":"https:\/\/haksen.org.tr\/index.php?rest_route=%2Fwp%2Fv2%2Fmedia&parent=2324"}],"wp:term":[{"taxonomy":"category","embeddable":true,"href":"https:\/\/haksen.org.tr\/index.php?rest_route=%2Fwp%2Fv2%2Fcategories&post=2324"},{"taxonomy":"post_tag","embeddable":true,"href":"https:\/\/haksen.org.tr\/index.php?rest_route=%2Fwp%2Fv2%2Ftags&post=2324"}],"curies":[{"name":"wp","href":"https:\/\/api.w.org\/{rel}","templated":true}]}}