{"id":2317,"date":"2012-12-24T12:00:00","date_gmt":"2012-12-24T12:00:00","guid":{"rendered":"http:\/\/haksen.org.tr\/?p=2317"},"modified":"2012-12-24T12:00:00","modified_gmt":"2012-12-24T12:00:00","slug":"saglikta-yer-degisiklilkeri-hukuk-disi","status":"publish","type":"post","link":"https:\/\/haksen.org.tr\/?p=2317","title":{"rendered":"Sa\u011fl\u0131kta Yer De\u011fi\u015fiklilkeri Hukuk D\u0131\u015f\u0131"},"content":{"rendered":"<p>Sa\u011fl\u0131k Hak-Sen Genel Ba\u015fkan\u0131 Selahattin Karaca Sa\u011fl\u0131k Bakanl\u0131\u011f\u0131 te\u015fkilatlar\u0131nda \u00e7al\u0131\u015fan yedibin ki\u015finin habersiz olarak g\u00f6rev yerlerinin de\u011fi\u015ftirilmesi \u00fczerine yapt\u0131\u011f\u0131 a\u00e7\u0131klamada, sa\u011fl\u0131k \u00e7al\u0131\u015fanlar\u0131n\u0131n g\u00f6rev yerleri bir gecede de\u011fi\u015ftirilmi\u015f ve binlerce sa\u011fl\u0131k \u00e7al\u0131\u015fanlar\u0131 sabah gittikleri i\u015f yerinde art\u0131k orada \u00e7al\u0131\u015fmad\u0131klar\u0131n\u0131 ve g\u00f6rev yerlerinin de\u011fi\u015ftirilmi\u015f olduklar\u0131n\u0131 \u00f6\u011frenerek \u015fa\u015fk\u0131na d\u00f6nm\u00fc\u015fler ve sendikaya, siyasi iradeye g\u00fcvenlerini yitirmi\u015flerdir. Bu keyfi y\u00f6netim anlay\u0131\u015f\u0131na bir isim bulamam\u0131\u015flard\u0131r. Bu y\u00f6netim anlay\u0131\u015f\u0131 ancak anti demokrasilerde g\u00f6r\u00fclebilir dedi.<\/p>\n<p>20 Aral\u0131k 2012 tarihi itibariyle binlerce sa\u011fl\u0131k \u00e7al\u0131\u015fan\u0131n\u0131n haberleri olmadan tayinlerinin \u00e7\u0131kar\u0131ld\u0131\u011f\u0131n\u0131 a\u00e7\u0131klayan Karaca, Halk Sa\u011fl\u0131\u011f\u0131 Kurumu ile \u0130l Sa\u011fl\u0131k M\u00fcd\u00fcrl\u00fc\u011f\u00fcne ba\u011fl\u0131 olarak g\u00f6rev yapan T\u0131bb\u0131 Teknolog,T\u0131bbi Sekreter, Sa\u011fl\u0131k Memuru, Ebe, hem\u015fire gibi bir \u00e7ok sa\u011fl\u0131k \u00e7al\u0131\u015fan\u0131n\u0131n haberleri olmadan ve istekleri d\u0131\u015f\u0131nda g\u00f6rev yerleri de\u011fi\u015ftirilerek atamalar\u0131 yap\u0131lm\u0131\u015f ve kurumlar aras\u0131 ge\u00e7i\u015fle, \u00e7e\u015fitli hastanelere g\u00f6nderilmi\u015flerdir.<\/p>\n<p> Karaca, y\u0131llard\u0131r \u00e7al\u0131\u015ft\u0131klar\u0131 kurumlar\u0131na giden sa\u011fl\u0131k \u00e7al\u0131\u015fanlar\u0131 i\u015f yerlerine geldiklerinde art\u0131k orada \u00e7al\u0131\u015fmad\u0131klar\u0131n\u0131 \u00f6\u011frenerek \u015fok olmu\u015flard\u0131r diyerek a\u00e7\u0131klamalar\u0131na \u015f\u00f6yle devam etti: Kurumlar aras\u0131nda re&#8217;sen ger\u00e7ekle\u015ftirilen bu nakiller hukuka ayk\u0131r\u0131d\u0131r. Bu istek d\u0131\u015f\u0131 tayinler bir g\u00fcnde oldu bittiye getirilmi\u015ftir. Tamamen haks\u0131z ve hukuksuz olan bu i\u015flemde \u00e7al\u0131\u015fanlara haber verilmemi\u015f, talepleri al\u0131nmam\u0131\u015f ve tayin edileceksiniz denilmemi\u015ftir.<\/p>\n<p> \u0130stek d\u0131\u015f\u0131 bu tayinlerle kimin neye hizmet etti\u011fini anlamak m\u00fcmk\u00fcn de\u011fildir. Bir devlet memurunun iste\u011fi d\u0131\u015f\u0131nda atamas\u0131; memurun g\u00f6revini yapmamas\u0131, i\u015f arkada\u015flar\u0131 ile ge\u00e7inememesi, vatanda\u015fa k\u00f6t\u00fc muamele etmesi yada kusurlu g\u00f6rev yaparak devleti zarara u\u011fratmas\u0131 halinde yap\u0131larak idarenin i\u015f bar\u0131\u015f\u0131n\u0131 ve d\u00fczenini korumaya y\u00f6nelik tasarruf hakk\u0131n\u0131 kullanmas\u0131 olarak de\u011ferlendirilir ve idarenin bu tasarrufu makul kar\u015f\u0131lan\u0131r. Ancak yedi bin ki\u015finin bir gecede g\u00f6rev yerlerinin de\u011fi\u015ftirilmesi eyleminde; Sa\u011fl\u0131k \u00e7al\u0131\u015fanlar\u0131 bir hukuksuzluk yapmam\u0131\u015flard\u0131r. Herhangi bir kusurlar\u0131 da yoktur. \u0130stek d\u0131\u015f\u0131 tayine maruz b\u0131rak\u0131lacak davran\u0131\u015flar\u0131 da olmam\u0131\u015ft\u0131r.<\/p>\n<p> \u00c7al\u0131\u015fan\u0131n iste\u011fi d\u0131\u015f\u0131nda yap\u0131lan bu tayinler \u00e7a\u011fd\u0131\u015f\u0131 bir y\u00f6netim anlay\u0131\u015f\u0131n\u0131 sergilemi\u015ftir. T\u00fcrkiye Cumhuriyeti bir hukuk devletidir. Yap\u0131lan bu hukuksuzluk y\u00fcce T\u00fcrk Mahkemelerinden geri d\u00f6necektir.<\/p>\n<p> Hi\u00e7 kimse kafas\u0131na esti\u011fi gibi \u00e7al\u0131\u015fan\u0131n hakk\u0131yla oynayamaz. Sa\u011fl\u0131k \u00e7al\u0131\u015fanlar\u0131na keyfi yapt\u0131r\u0131mlarla \u00e7ile \u00e7ektirmeye hi\u00e7 kimsenin hakk\u0131 yoktur. Hak ve Eme\u011fin Sendikas\u0131 ( Sa\u011fl\u0131k Hak-Sen ) olarak \u00e7al\u0131\u015fanlar\u0131m\u0131z\u0131n hakk\u0131n\u0131 hukukunu savunmaya ve haks\u0131zl\u0131klar kar\u015f\u0131s\u0131nda sessiz kalmayarak sonuna kadar m\u00fccadele etmeye devam edece\u011fiz dedi. <\/p>\n","protected":false},"excerpt":{"rendered":"<p>Sa\u011fl\u0131k Hak-Sen Genel Ba\u015fkan\u0131 Selahattin Karaca, keyfi al\u0131nan kararlarla birlerce sa\u011fl\u0131k \u00e7al\u0131\u015fan\u0131n\u0131n g\u00f6rev yerlerinin de\u011fi\u015ftirilmesini ele\u015ftirdi.<\/p>\n","protected":false},"author":1,"featured_media":2318,"comment_status":"closed","ping_status":"open","sticky":false,"template":"","format":"standard","meta":{"footnotes":""},"categories":[],"tags":[],"class_list":["post-2317","post","type-post","status-publish","format-standard","has-post-thumbnail"],"_links":{"self":[{"href":"https:\/\/haksen.org.tr\/index.php?rest_route=\/wp\/v2\/posts\/2317","targetHints":{"allow":["GET"]}}],"collection":[{"href":"https:\/\/haksen.org.tr\/index.php?rest_route=\/wp\/v2\/posts"}],"about":[{"href":"https:\/\/haksen.org.tr\/index.php?rest_route=\/wp\/v2\/types\/post"}],"author":[{"embeddable":true,"href":"https:\/\/haksen.org.tr\/index.php?rest_route=\/wp\/v2\/users\/1"}],"replies":[{"embeddable":true,"href":"https:\/\/haksen.org.tr\/index.php?rest_route=%2Fwp%2Fv2%2Fcomments&post=2317"}],"version-history":[{"count":0,"href":"https:\/\/haksen.org.tr\/index.php?rest_route=\/wp\/v2\/posts\/2317\/revisions"}],"wp:featuredmedia":[{"embeddable":true,"href":"https:\/\/haksen.org.tr\/index.php?rest_route=\/wp\/v2\/media\/2318"}],"wp:attachment":[{"href":"https:\/\/haksen.org.tr\/index.php?rest_route=%2Fwp%2Fv2%2Fmedia&parent=2317"}],"wp:term":[{"taxonomy":"category","embeddable":true,"href":"https:\/\/haksen.org.tr\/index.php?rest_route=%2Fwp%2Fv2%2Fcategories&post=2317"},{"taxonomy":"post_tag","embeddable":true,"href":"https:\/\/haksen.org.tr\/index.php?rest_route=%2Fwp%2Fv2%2Ftags&post=2317"}],"curies":[{"name":"wp","href":"https:\/\/api.w.org\/{rel}","templated":true}]}}