{"id":2313,"date":"2012-12-18T12:00:00","date_gmt":"2012-12-18T12:00:00","guid":{"rendered":"http:\/\/haksen.org.tr\/?p=2313"},"modified":"2012-12-18T12:00:00","modified_gmt":"2012-12-18T12:00:00","slug":"civi2014-icin-maas-zammi-istemiyoruz","status":"publish","type":"post","link":"https:\/\/haksen.org.tr\/?p=2313","title":{"rendered":"\u00c7ivi;&#8221;2014 \u0130\u00e7in Maa\u015f Zamm\u0131 \u0130stemiyoruz&#8221;"},"content":{"rendered":"<p>Kamu \u00c7al\u0131\u015fanlar\u0131 Hak Sendikalar\u0131 Konfederasyonu (HAKSEN) Genel Ba\u015fkan\u0131 Ayhan \u00c7ivi, &#8220;Biz 2014 y\u0131l\u0131 i\u00e7in maa\u015f art\u0131\u015f\u0131 istemiyoruz. S\u0131f\u0131r maa\u015f art\u0131\u015f\u0131 istiyoruz. Ancak, neyin kar\u015f\u0131l\u0131\u011f\u0131nda- Ek \u00f6demelerin emekli maa\u015f\u0131na dahil edilmesi kar\u015f\u0131l\u0131\u011f\u0131nda&#8221; dedi.<\/p>\n<p>\u00c7ivi, Ad\u0131yaman&#8217;da d\u00fczenledi\u011fi bas\u0131n toplant\u0131s\u0131nda g\u00fcndemdeki konular\u0131 de\u011ferlendirdi, gazetecilerin sorular\u0131n\u0131 yan\u0131tlad\u0131.<\/p>\n<p>Grand \u0130skender Oteli&#8217;nde sabah kahvalt\u0131s\u0131nda bir araya gelen Hak-Sen \u00fcyeleri, bir s\u00fcre bas\u0131n mensuplar\u0131yla beraber sohbet etti.<\/p>\n<p>Yap\u0131lan kahvalt\u0131 sonras\u0131 bir konu\u015fma yapan Hak-Sen Genel Ba\u015fkan\u0131 Ayhan \u00c7ivi, &#8220;T\u00fcrkiye g\u00fcndemine ili\u015fkin kamu g\u00f6revlilerinin g\u00fcndemine ili\u015fkin Ad\u0131yaman&#8217;da yapm\u0131\u015f oldu\u011fumuz ziyaretlerle ilgili bas\u0131n toplant\u0131s\u0131 d\u00fczenledik.<\/p>\n<p>2008 y\u0131l\u0131nda Hak- Sen&#8217;i kurdu\u011fumuzda Ad\u0131yaman&#8217;da bu hak ve emek m\u00fccadelesinin ba\u015flang\u0131c\u0131nda bizlere b\u00fcy\u00fck destek vermi\u015f kurucu illerimizden bir tanesidir. Zaman zaman arkada\u015flar\u0131m\u0131z\u0131 ziyaret ederek, i\u015f yerlerini ziyaret ederek, kamu y\u00f6neticilerini ziyaret ederek, Ad\u0131yaman&#8217;da \u00e7al\u0131\u015fanlar\u0131n s\u0131k\u0131nt\u0131lar\u0131n\u0131, sorunlar\u0131n\u0131, yerinde tespit etmek, konfederasyonumuzun ve sendikalar\u0131m\u0131z\u0131n \u00e7al\u0131\u015fmalar\u0131n\u0131 yerinde tespit ediyoruz.<\/p>\n<p>T\u00fcrkiye&#8217;de 90&#8217;l\u0131 y\u0131llarda ba\u015flayan, memurlar\u0131n sendikal m\u00fccadelesi, 95 y\u0131llar\u0131nda yap\u0131lan anayasa de\u011fi\u015fikli\u011finin ard\u0131ndan 2001 y\u0131l\u0131nda 4688 say\u0131l\u0131 yasayla yasal g\u00fcvenceye kavu\u015ftu. Kamu g\u00f6revlileri sendikalar vas\u0131tas\u0131yla 2001 y\u0131l\u0131ndan 2011 y\u0131l\u0131na kadar toplu g\u00f6r\u00fc\u015fme d\u00fczeni i\u00e7erisinde haklar\u0131n\u0131 masada korumaya ve geli\u015ftirmeye \u00e7al\u0131\u015ft\u0131lar. Ancak 11 y\u0131lda hepimiz g\u00f6rd\u00fck ki, toplu g\u00f6r\u00fc\u015fme d\u00fczeni ile kamu g\u00f6revlileri bir arpa boyu kadar yol alamad\u0131lar. Bununla birlikte kazan\u0131lm\u0131\u015f pek \u00e7ok haklar\u0131nda bu masalarda b\u0131rakmak zorunda kald\u0131lar. Bu 11 y\u0131l i\u00e7erisinde kamu g\u00f6revlileri enflasyonun alt\u0131nda enflasyonun yak\u0131n\u0131nda \u00fccret art\u0131\u015flar\u0131n\u0131 kabul etmek zorunda kald\u0131lar. Bu d\u00f6nemde T\u00fcrkiye y\u00fczde 45&#8217;lik b\u00fcy\u00fcd\u00fc. Bizleri y\u00f6netenlerin s\u0131k s\u0131k tekrarlad\u0131\u011f\u0131 gibi T\u00fcrkiye b\u00fcy\u00fcd\u00fc ekonomi geli\u015fti ancak kamu g\u00f6revlileri fakirle\u015fmeye, kazanacaklar\u0131n\u0131 kaybetmeye devam ettiler&#8221; ifadelerini kulland\u0131<\/p>\n<p>Maa\u015f art\u0131\u015f\u0131 konular\u0131na de\u011finen \u00c7ivi, bu konuda sendikalara da seslenerek,<\/p>\n<p>&#8220;Biz 2014 y\u0131l\u0131 i\u00e7in maa\u015f art\u0131\u015f\u0131 istemiyoruz. S\u0131f\u0131r maa\u015f art\u0131\u015f\u0131 istiyoruz. Ancak neyin kar\u015f\u0131l\u0131\u011f\u0131nda- Ek \u00f6demelerin emekli maa\u015f\u0131na dahil edilmesi kar\u015f\u0131l\u0131\u011f\u0131nda. Buradan sendikalara da \u00e7a\u011fr\u0131da bulunmak istiyorum, b\u0131rak\u0131n art\u0131k \u015fu y\u00fczdelik zamlar pe\u015finde ko\u015fmay\u0131. Hayat\u0131n ger\u00e7ekleriyle y\u00fczle\u015fin. \u00c7al\u0131\u015fanlar\u0131n ger\u00e7ek g\u00fcndemine d\u00f6n\u00fcn. \u00c7al\u0131\u015fanlar maalesef T\u00fcrkiye&#8217;de \u00e7al\u0131\u015fmaya mahkum edilmi\u015ftir. Emekliler ise ikinci bir i\u015fte \u00e7al\u0131\u015fmaya mahkum edilmi\u015ftir&#8221; diye konu\u015ftu.<\/p>\n<p>\u00c7ivi, 2013 y\u0131l\u0131nda kamu dairelerinde fazla mesailere yeni bir d\u00fczenleme getirildi\u011fini, eskiden her kurumun kendi yasal mevzuat\u0131na g\u00f6re \u00f6denen fazla mesailerin, yeni y\u0131lda Bakanlar Kurulu&#8217;nca merkezi bir d\u00fczenleme getirilerek, 6 ay s\u00fcreyle \u00e7al\u0131\u015fanlara verilece\u011fini ifade etti.<\/p>\n<p>Fazla mesailerin hangi kurumda ne \u015fekilde \u00f6denece\u011fine ili\u015fkin kamuoyuna bilgi verilmedi\u011fini savunan \u00c7ivi, bu konuda ayd\u0131nlat\u0131c\u0131 bir a\u00e7\u0131klama beklediklerini kaydetti.<\/p>\n<p>\u00c7ivi, T\u00fcrkiye&#8217;de \u00f6nemli \u00f6l\u00e7\u00fcde i\u015fsizlik oldu\u011funu, gen\u00e7lerin kap\u0131 kap\u0131 dola\u015f\u0131p kendi geleceklerini g\u00fcvence alt\u0131na almak i\u00e7in i\u015f arad\u0131klar\u0131n\u0131 dile getirdi. B\u00fcy\u00fck \u00f6l\u00e7\u00fcde \u00fcniversite mezunu olan gen\u00e7ler i\u015fsiz dola\u015f\u0131rken, kamu \u00e7al\u0131\u015fanlar\u0131n\u0131n profilinin giderek ya\u015fland\u0131\u011f\u0131n\u0131 iddia eden \u00c7ivi, \u015f\u00f6yle devam etti: <\/p>\n<p>&#8220;Bir vergi dairesi, bir hastaneye gitti\u011finiz zaman veya bir emniyet mensubuyla kar\u015f\u0131la\u015ft\u0131\u011f\u0131n\u0131z zaman bunu g\u00f6zlemleyebiliriz. Neden b\u00f6yle oluyor- HAKSEN olarak yapt\u0131\u011f\u0131m\u0131z ara\u015ft\u0131rmalarda, kamu \u00e7al\u0131\u015fanlar\u0131 i\u00e7in emeklili\u011fin bir kabus oldu\u011funu tespit ettik. Evet, emeklilik \u00e7al\u0131\u015fanlar i\u00e7in bir kabusa d\u00f6n\u00fc\u015fm\u00fc\u015ft\u00fcr. T\u00fcrkiye&#8217;de \u00fccret adaletinin sa\u011flanmas\u0131 i\u00e7in \u00e7\u0131kar\u0131lan tazminat yans\u0131malar\u0131 emekli maa\u015f\u0131na yans\u0131mad\u0131\u011f\u0131 i\u00e7in \u00e7al\u0131\u015fanlar\u0131n maa\u015flar\u0131 emekli olduklar\u0131nda yar\u0131 yar\u0131ya d\u00fc\u015fmektedir.<\/p>\n<p>Tam tersine insanlar\u0131n g\u00fcvenceye ihtiyac\u0131 oldu\u011fu d\u00f6nemde rahat bir emeklilik ge\u00e7irece\u011fi d\u00f6nemde, b\u00f6yle bir \u00fccret kayb\u0131 \u00e7al\u0131\u015fanlar\u0131 korkutmaktad\u0131r. \u00c7al\u0131\u015fanlar\u0131 endi\u015feye sevk etmektedir. Adeta \u00e7al\u0131\u015fanlar emekli olduklar\u0131nda ikinci i\u015flerini ayarlayarak emekli olmaktad\u0131rlar. Bu nedenle de kay\u0131t d\u0131\u015f\u0131 olan bu ek \u00f6demeler \u00e7al\u0131\u015fanlar\u0131n emekli maa\u015flar\u0131na mutlak suretle yans\u0131t\u0131lmal\u0131d\u0131r.&#8221;<\/p>\n<p>Y\u00d6K&#8217;le ilgili \u00e7al\u0131\u015fmalara da de\u011finen \u00c7ivi, tamamen anti demokratik d\u00fczenlemelerle 1980 ihtilalinin bir \u00fcr\u00fcn\u00fc olan Y\u00fcksek\u00f6\u011fretim Kurulu&#8217;nun (Y\u00d6K) yeniden yap\u0131land\u0131r\u0131ld\u0131\u011f\u0131n\u0131, bu \u00e7al\u0131\u015fman\u0131n do\u011fru oldu\u011funu ifade etti.<\/p>\n<p>Konfederasyon olarak \u00e7a\u011fr\u0131ld\u0131klar\u0131 her platformda kendi \u00f6zg\u00fcn g\u00f6r\u00fc\u015flerini ilgililerle payla\u015ft\u0131klar\u0131n\u0131 ve HAKSEN olarak bu kanunu desteklediklerini vurgulayan \u00c7ivi, \u015f\u00f6yle devam etti: <\/p>\n<p>&#8220;Hatta HAKSEN olarak bu y\u0131l Ankara \u00dcniversitesi Rekt\u00f6rl\u00fck se\u00e7imlerinde idari personelin de kendi rekt\u00f6rlerini se\u00e7imde, oy kullanmas\u0131 i\u00e7in sembolik olarak &#8216;Rekt\u00f6r\u00fcn\u00fc sen se\u00e7&#8217; kampanyas\u0131 yaparak oy kulland\u0131rd\u0131k. \u00dcniversiteler bir b\u00fct\u00fcnd\u00fcr. \u00dcniversiteler sadece akademik personel ve \u00f6\u011frencilerden ibaret de\u011fildir. Y\u00d6K Yasas\u0131&#8217;nda yap\u0131lan de\u011fi\u015fiklikle, rekt\u00f6rl\u00fck se\u00e7imlerinde olu\u015fturulacak mecliste idari personelin temsilcilerine de oy kulland\u0131r\u0131lmas\u0131n\u0131n tasarland\u0131\u011f\u0131 belirtilmektedir. Biz bu d\u00fczenlemeyi \u015fiddetle ve hararetle destekliyoruz. Hi\u00e7bir grubun kayg\u0131s\u0131na kap\u0131lmadan bu d\u00fczenlemeden geri ad\u0131m at\u0131lmamas\u0131 gerekiyor. Bu do\u011fru bir d\u00fczenleme. \u00dcniversitelerin ger\u00e7ek anlamda demokratikle\u015fmesi i\u00e7in bu \u015fartt\u0131r.&#8221;<\/p>\n<p>\u00c7ivi, bir gazetecinin &#8220;Kamu kurumlar\u0131nda ba\u015f\u00f6rt\u00fcs\u00fc yasa\u011f\u0131n\u0131 nas\u0131l de\u011ferlendiriyorsunuz-&#8221; sorusu \u00fczerine ise \u015funlar\u0131 kaydetti: <\/p>\n<p>&#8220;Biz Anayasa Uzla\u015fma Kurulu&#8217;na davet edildi\u011fimiz zaman da bizim temel yakla\u015f\u0131m\u0131m\u0131z, T\u00fcrkiye Cumhuriyeti Devleti&#8217;nin insan haklar\u0131na dayal\u0131 bir devlet olmasayd\u0131. Devlet vatanda\u015f\u0131n\u0131n ki\u015fisel hak ve \u00f6zg\u00fcrl\u00fcklerini g\u00fcvence alt\u0131na almal\u0131d\u0131r. Bu memlekette dileyen diledi\u011fi k\u0131yafetle e\u011fitimini s\u00fcrd\u00fcrebilmelidir. Dileyen vatanda\u015f diledi\u011fi \u015fekilde inanc\u0131n\u0131 s\u00fcrd\u00fcrebilmelidir. \u0130nanc\u0131n\u0131n gereklerini yerine getirebilmelidir. Art\u0131k \u00fclkemizin bu t\u00fcr tak\u0131nt\u0131lar\u0131 kenara b\u0131rak\u0131p, \u00f6n\u00fcn\u00fcn a\u00e7\u0131lmas\u0131 gerekiyor. \u0130nsan\u0131m\u0131z\u0131n \u00f6n\u00fcn\u00fc a\u00e7\u0131p, hak etti\u011fi \u00f6zg\u00fcrl\u00fckleri ona tan\u0131mal\u0131y\u0131z.&#8221;<\/p>\n<p>&#8220;<a href=\"http:\/\/vimeo.com\/55885150\"> BASIN TOPLANTISINI  \u0130ZLEMEK \u0130\u00c7\u0130N TIKLAYINIZ<\/a>&#8221;<\/p>\n<h2 style='margin:20px 0;'>\u0130\u00e7erik Galerisi<\/h2>\n<p><img decoding=\"async\" src=\"wp-content\/uploads\/2016\/12\/226098917.JPG\" alt=\"\u00c7ivi;\"2014 \u0130\u00e7in Maa\u015f Zamm\u0131 \u0130stemiyoruz\"\" style=\"width:100%;\" \/><\/p>\n<p><img decoding=\"async\" src=\"wp-content\/uploads\/2016\/12\/874081473.JPG\" alt=\"\u00c7ivi;\"2014 \u0130\u00e7in Maa\u015f Zamm\u0131 \u0130stemiyoruz\"\" style=\"width:100%;\" \/><\/p>\n","protected":false},"excerpt":{"rendered":"<p>Genel Ba\u015fkan Ayhan \u00c7ivi, Ad\u0131yaman&#8217;da yapt\u0131\u011f\u0131 a\u00e7\u0131klamada, ek \u00f6demelerin maa\u015fa dahil edilmesi halinde 2014 y\u0131l\u0131 i\u00e7in maa\u015f art\u0131\u015f\u0131 istemiyoruz, dedi<\/p>\n","protected":false},"author":1,"featured_media":2314,"comment_status":"closed","ping_status":"open","sticky":false,"template":"","format":"standard","meta":{"footnotes":""},"categories":[],"tags":[],"class_list":["post-2313","post","type-post","status-publish","format-standard","has-post-thumbnail"],"_links":{"self":[{"href":"https:\/\/haksen.org.tr\/index.php?rest_route=\/wp\/v2\/posts\/2313","targetHints":{"allow":["GET"]}}],"collection":[{"href":"https:\/\/haksen.org.tr\/index.php?rest_route=\/wp\/v2\/posts"}],"about":[{"href":"https:\/\/haksen.org.tr\/index.php?rest_route=\/wp\/v2\/types\/post"}],"author":[{"embeddable":true,"href":"https:\/\/haksen.org.tr\/index.php?rest_route=\/wp\/v2\/users\/1"}],"replies":[{"embeddable":true,"href":"https:\/\/haksen.org.tr\/index.php?rest_route=%2Fwp%2Fv2%2Fcomments&post=2313"}],"version-history":[{"count":0,"href":"https:\/\/haksen.org.tr\/index.php?rest_route=\/wp\/v2\/posts\/2313\/revisions"}],"wp:featuredmedia":[{"embeddable":true,"href":"https:\/\/haksen.org.tr\/index.php?rest_route=\/wp\/v2\/media\/2314"}],"wp:attachment":[{"href":"https:\/\/haksen.org.tr\/index.php?rest_route=%2Fwp%2Fv2%2Fmedia&parent=2313"}],"wp:term":[{"taxonomy":"category","embeddable":true,"href":"https:\/\/haksen.org.tr\/index.php?rest_route=%2Fwp%2Fv2%2Fcategories&post=2313"},{"taxonomy":"post_tag","embeddable":true,"href":"https:\/\/haksen.org.tr\/index.php?rest_route=%2Fwp%2Fv2%2Ftags&post=2313"}],"curies":[{"name":"wp","href":"https:\/\/api.w.org\/{rel}","templated":true}]}}