{"id":2292,"date":"2012-12-18T12:00:00","date_gmt":"2012-12-18T12:00:00","guid":{"rendered":"http:\/\/haksen.org.tr\/?p=2292"},"modified":"2012-12-18T12:00:00","modified_gmt":"2012-12-18T12:00:00","slug":"adiyaman-valisi-demirtasa-ziyaret","status":"publish","type":"post","link":"https:\/\/haksen.org.tr\/?p=2292","title":{"rendered":"Ad\u0131yaman Valisi Demirta\u015f&#8217;a Ziyaret"},"content":{"rendered":"<p>Genel Ba\u015fkan Ayhan \u00c7ivi beraberinde E\u011fitim Hak-Sen Genel Ba\u015fkan\u0131 Hanifi G\u00f6k\u00e7ek, E\u011fitim Haksen Genel Ba\u015fkan Yard\u0131mc\u0131s\u0131 S\u00fcleyman I\u015f\u0131k, Haksen Ad\u0131yaman \u0130l Temsilcisi Mahmut Yaman ve Haksen Y\u00f6netim Kurulu \u00dcyesi Yusuf Kara\u00e7or , E\u011fitim Hak-Sen Ankara \u015eube Ba\u015fkan\u0131 \u00dcmit \u015eeref Yar\u0131c\u0131 , E\u011fitim Hak-Sen Ad\u0131yaman \u0130l Temsilcisi Mustafa Demir ve B\u00fcro Hak-Sen Ad\u0131yaman \u0130l Temsilcisi Murat \u00c7al\u0131\u015fkan ile birlikte Ad\u0131yaman Valisi Mahmut Demirta\u015f\u2019\u0131 makam\u0131nda ziyaret etti. <\/p>\n<p>Vali Mahmut Demirta\u015f\u2019\u0131 makam\u0131nda ziyaret eden HAKSEN Genel Ba\u015fkan\u0131 Ayhan \u00c7ivi, Sendikac\u0131l\u0131kta reaktif ve proaktif olmak \u00fczere iki anlay\u0131\u015f oldu\u011funu vurgulayan Haksen Genel Ba\u015fkan\u0131 Ayhan \u00c7ivi, \u201c Reaktif anlay\u0131\u015f bir problemle kar\u015f\u0131la\u015f\u0131nca d\u00fczeltilmesi; proaktif anlay\u0131\u015f\u0131n ise \u00f6nleyici \u00f6zelli\u011fi vard\u0131r. T\u00fcrkiye\u2019de bir \u015feyler yap\u0131l\u0131rken sendika olarak buna katk\u0131 sa\u011flanmal\u0131d\u0131r. Biz bu anlay\u0131\u015fla \u00e7al\u0131\u015fmalar\u0131m\u0131z\u0131 devam ettiren bir sendikay\u0131z\u201ddedi. <\/p>\n<p> Vali Mahmut Demirta\u015f ise, Haksen Genel Ba\u015fkan\u0131 Ayhan \u00c7ivi ve di\u011fer konuklar\u0131n ziyaretinden memnuniyet duydu\u011funu ifade ederek, HAKSEN\u2019in \u00e7al\u0131\u015fmalar\u0131nda ba\u015far\u0131lar diledi. <\/p>\n<h2 style='margin:20px 0;'>\u0130\u00e7erik Galerisi<\/h2>\n<p><img decoding=\"async\" src=\"wp-content\/uploads\/2016\/12\/642472000.JPG\" alt=\"Ad\u0131yaman Valisi Demirta\u015f'a Ziyaret\" style=\"width:100%;\" \/><\/p>\n<p><img decoding=\"async\" src=\"wp-content\/uploads\/2016\/12\/942136256.JPG\" alt=\"Ad\u0131yaman Valisi Demirta\u015f'a Ziyaret\" style=\"width:100%;\" \/><\/p>\n<p><img decoding=\"async\" src=\"wp-content\/uploads\/2016\/12\/767766776.JPG\" alt=\"Ad\u0131yaman Valisi Demirta\u015f'a Ziyaret\" style=\"width:100%;\" \/><\/p>\n","protected":false},"excerpt":{"rendered":"<p>Genel Ba\u015fkan Ayhan \u00c7ivi, beraberindeki heyetle birlikte Ad\u0131yaman Valisi Mahmut Demirta\u015f&#8217;\u0131 makam\u0131nda ziyaret etti.<\/p>\n","protected":false},"author":1,"featured_media":2293,"comment_status":"closed","ping_status":"open","sticky":false,"template":"","format":"standard","meta":{"footnotes":""},"categories":[],"tags":[],"class_list":["post-2292","post","type-post","status-publish","format-standard","has-post-thumbnail"],"_links":{"self":[{"href":"https:\/\/haksen.org.tr\/index.php?rest_route=\/wp\/v2\/posts\/2292","targetHints":{"allow":["GET"]}}],"collection":[{"href":"https:\/\/haksen.org.tr\/index.php?rest_route=\/wp\/v2\/posts"}],"about":[{"href":"https:\/\/haksen.org.tr\/index.php?rest_route=\/wp\/v2\/types\/post"}],"author":[{"embeddable":true,"href":"https:\/\/haksen.org.tr\/index.php?rest_route=\/wp\/v2\/users\/1"}],"replies":[{"embeddable":true,"href":"https:\/\/haksen.org.tr\/index.php?rest_route=%2Fwp%2Fv2%2Fcomments&post=2292"}],"version-history":[{"count":0,"href":"https:\/\/haksen.org.tr\/index.php?rest_route=\/wp\/v2\/posts\/2292\/revisions"}],"wp:featuredmedia":[{"embeddable":true,"href":"https:\/\/haksen.org.tr\/index.php?rest_route=\/wp\/v2\/media\/2293"}],"wp:attachment":[{"href":"https:\/\/haksen.org.tr\/index.php?rest_route=%2Fwp%2Fv2%2Fmedia&parent=2292"}],"wp:term":[{"taxonomy":"category","embeddable":true,"href":"https:\/\/haksen.org.tr\/index.php?rest_route=%2Fwp%2Fv2%2Fcategories&post=2292"},{"taxonomy":"post_tag","embeddable":true,"href":"https:\/\/haksen.org.tr\/index.php?rest_route=%2Fwp%2Fv2%2Ftags&post=2292"}],"curies":[{"name":"wp","href":"https:\/\/api.w.org\/{rel}","templated":true}]}}