{"id":2284,"date":"2012-12-04T12:00:00","date_gmt":"2012-12-04T12:00:00","guid":{"rendered":"http:\/\/haksen.org.tr\/?p=2284"},"modified":"2012-12-04T12:00:00","modified_gmt":"2012-12-04T12:00:00","slug":"232-uyemiz-evlerine-kavustu","status":"publish","type":"post","link":"https:\/\/haksen.org.tr\/?p=2284","title":{"rendered":"232 \u00dcyemiz Evlerine Kavu\u015ftu"},"content":{"rendered":"<p>Genel Ba\u015fkan Ayhan \u00c7ivi, Sa\u011fl\u0131k Hak-Sen Genel Ba\u015fkan\u0131 Selahattin Karaca, \u0130mar Hak-Sen Genel Ba\u015fkan\u0131 \u00d6nder \u00d6zdemir, Yerel Hak-Sen Genel Ba\u015fkan\u0131 Erol U\u00e7ar, il temsilcileri, \u00fcyelerimiz ve hak sahiplerinin yo\u011fun ilgi g\u00f6sterdi\u011fi kura \u00e7ekimi Elaz\u0131\u011f Gen\u00e7lik ve Spor \u0130l M\u00fcd\u00fcrl\u00fc\u011f\u00fcne ait Yakup K\u0131l\u0131\u00e7 Spor Salonunda yap\u0131ld\u0131.<\/p>\n<p>Elaz\u0131\u011fl\u0131lar\u0131n yo\u011fun ilgi g\u00f6sterdi\u011fi t\u00f6rene 5000 civar\u0131nda vatanda\u015f kat\u0131ld\u0131.<\/p>\n<p>\u0130mar Hak-Sen\u2019e ait 232 konutla birlikte Elaz\u0131\u011f Defterdarl\u0131\u011f\u0131 personeline ait 164 konutun da kura \u00e7ekimi birlikte yap\u0131ld\u0131.<br \/>\nKura \u00e7ekiminde konu\u015fan Genel Ba\u015fkan Ayhan, Haksen\u2019in kurulu\u015funda hizmeti esas ald\u0131\u011f\u0131n\u0131 belirterek , yap\u0131lan projede eme\u011fi ge\u00e7enlere te\u015fekk\u00fcr etti. \u00c7ivi, konutlar\u0131na kavu\u015facak hak sahiplerine  yeni evlerinde sa\u011fl\u0131k ve mutluluklar diledi.<\/p>\n<p>\u0130mar Hak-Sen Genel Ba\u015fkan\u0131 \u00d6nder \u00d6zdemir\u2019de yapt\u0131\u011f\u0131 konu\u015fmada, b\u00fcy\u00fck zorluklar\u0131 a\u015farak projeyi ger\u00e7ekle\u015ftirmenin hakl\u0131 gurur ve mutlulu\u011funu ya\u015fad\u0131klar\u0131n\u0131 belirterek, projenin ger\u00e7ekle\u015fmesinde desteklerini esirgemeyen ba\u015fta say\u0131n Cumhurba\u015fkan\u0131m\u0131za, \u00c7evre ve \u015eehircilik Bakan\u0131 say\u0131n Erdo\u011fan Bayraktar\u2019a , Kalk\u0131nma Bakan\u0131 say\u0131n Cevdet Y\u0131lmaz\u2019a ve Toki yetkililerine te\u015fekk\u00fcr etti.<\/p>\n<p>Noter huzurunda yap\u0131lan kura \u00e7ekimi sonucu toplam 396 konutun hak sahipleri belirlendi.<\/p>\n<p>Ayr\u0131ca, Elaz\u0131\u011f 2.Etap projesine ili\u015fkin 450 konutun yer de\u011fi\u015fikli\u011fiyle ilgili belgeler de hak sahiplerince imzaland\u0131.<\/p>\n<h2 style='margin:20px 0;'>\u0130\u00e7erik Galerisi<\/h2>\n<p><img decoding=\"async\" src=\"wp-content\/uploads\/2016\/12\/891513439.jpg\" alt=\"232 \u00dcyemiz Evlerine Kavu\u015ftu\" style=\"width:100%;\" \/><\/p>\n<p><img decoding=\"async\" src=\"wp-content\/uploads\/2016\/12\/942426386.jpg\" alt=\"232 \u00dcyemiz Evlerine Kavu\u015ftu\" style=\"width:100%;\" \/><\/p>\n<p><img decoding=\"async\" src=\"wp-content\/uploads\/2016\/12\/425584360.jpg\" alt=\"232 \u00dcyemiz Evlerine Kavu\u015ftu\" style=\"width:100%;\" \/><\/p>\n<p><img decoding=\"async\" src=\"wp-content\/uploads\/2016\/12\/72811354.jpg\" alt=\"232 \u00dcyemiz Evlerine Kavu\u015ftu\" style=\"width:100%;\" \/><\/p>\n<p><img decoding=\"async\" src=\"wp-content\/uploads\/2016\/12\/977709692.jpg\" alt=\"232 \u00dcyemiz Evlerine Kavu\u015ftu\" style=\"width:100%;\" \/><\/p>\n<p><img decoding=\"async\" src=\"wp-content\/uploads\/2016\/12\/267426629.jpg\" alt=\"232 \u00dcyemiz Evlerine Kavu\u015ftu\" style=\"width:100%;\" \/><\/p>\n","protected":false},"excerpt":{"rendered":"<p>\u0130mar Hak-Sen\u2019in Toplu Konut \u0130daresi Ba\u015fkanl\u0131\u011f\u0131 ile ortakla\u015fa y\u00fcr\u00fctt\u00fc\u011f\u00fc proje uyar\u0131nca Elaz\u0131\u011f 1.Etap 232 konutun  kura \u00e7ekimi noter huzurunda yap\u0131ld\u0131.<\/p>\n","protected":false},"author":1,"featured_media":2285,"comment_status":"closed","ping_status":"open","sticky":false,"template":"","format":"standard","meta":{"footnotes":""},"categories":[],"tags":[],"class_list":["post-2284","post","type-post","status-publish","format-standard","has-post-thumbnail"],"_links":{"self":[{"href":"https:\/\/haksen.org.tr\/index.php?rest_route=\/wp\/v2\/posts\/2284","targetHints":{"allow":["GET"]}}],"collection":[{"href":"https:\/\/haksen.org.tr\/index.php?rest_route=\/wp\/v2\/posts"}],"about":[{"href":"https:\/\/haksen.org.tr\/index.php?rest_route=\/wp\/v2\/types\/post"}],"author":[{"embeddable":true,"href":"https:\/\/haksen.org.tr\/index.php?rest_route=\/wp\/v2\/users\/1"}],"replies":[{"embeddable":true,"href":"https:\/\/haksen.org.tr\/index.php?rest_route=%2Fwp%2Fv2%2Fcomments&post=2284"}],"version-history":[{"count":0,"href":"https:\/\/haksen.org.tr\/index.php?rest_route=\/wp\/v2\/posts\/2284\/revisions"}],"wp:featuredmedia":[{"embeddable":true,"href":"https:\/\/haksen.org.tr\/index.php?rest_route=\/wp\/v2\/media\/2285"}],"wp:attachment":[{"href":"https:\/\/haksen.org.tr\/index.php?rest_route=%2Fwp%2Fv2%2Fmedia&parent=2284"}],"wp:term":[{"taxonomy":"category","embeddable":true,"href":"https:\/\/haksen.org.tr\/index.php?rest_route=%2Fwp%2Fv2%2Fcategories&post=2284"},{"taxonomy":"post_tag","embeddable":true,"href":"https:\/\/haksen.org.tr\/index.php?rest_route=%2Fwp%2Fv2%2Ftags&post=2284"}],"curies":[{"name":"wp","href":"https:\/\/api.w.org\/{rel}","templated":true}]}}