{"id":2279,"date":"2012-11-27T12:00:00","date_gmt":"2012-11-27T12:00:00","guid":{"rendered":"http:\/\/haksen.org.tr\/?p=2279"},"modified":"2012-11-27T12:00:00","modified_gmt":"2012-11-27T12:00:00","slug":"elazig-toki-1etap-kura-cekim-toreni","status":"publish","type":"post","link":"https:\/\/haksen.org.tr\/?p=2279","title":{"rendered":"Elaz\u0131\u011f TOK\u0130 1.Etap Kura \u00c7ekim T\u00f6reni"},"content":{"rendered":"<p>\u0130mar Hak-Sen  TOK\u0130 i\u015fbirli\u011fi ile Elaz\u0131\u011f&#8217;da in\u015faa edilen 1.Etap konutlar\u0131 Noter huzurunda yap\u0131lacak \u00e7ekili\u015fle  hak sahiplerine devredilecek.<\/p>\n<p>1 Aral\u0131k 2012 Cumartesi g\u00fcn\u00fc Saat 13.00 de Elaz\u0131\u011f Gen\u00e7lik ve Spor \u0130l M\u00fcd\u00fcrl\u00fc\u011f\u00fc Yakup  K\u0131l\u0131\u00e7 Spor Salonundaki kura \u00e7ekimi t\u00f6reni   \u00c7evre ve \u015eehircilik Bakan\u0131 say\u0131n Erdo\u011fan Bayraktar&#8217;\u0131n te\u015frifleriyle yap\u0131lacak.<\/p>\n<p>Kura \u00e7ekimine Haksen Genel Ba\u015fkan\u0131 Ayhan \u00c7ivi ile birlikte sendika genel ba\u015fkanlar\u0131 da kat\u0131lacak.<\/p>\n<p>1.Etap hak sahiplerinin yan\u0131 s\u0131ra, Elaz\u0131\u011f Toki 2.Etap ba\u015fvuru sahipleri, Haksen \u00fcyeleri ve t\u00fcm Elaz\u0131\u011f halk\u0131 davetlidir.  <\/p>\n<h2 style='margin:20px 0;'>\u0130\u00e7erik Galerisi<\/h2>\n<p><img decoding=\"async\" src=\"wp-content\/uploads\/2016\/12\/376811628.jpg\" alt=\"Elaz\u0131\u011f TOK\u0130 1.Etap Kura \u00c7ekim T\u00f6reni\" style=\"width:100%;\" \/><\/p>\n","protected":false},"excerpt":{"rendered":"<p>\u0130mar Hak-Sen TOK\u0130 i\u015fbirli\u011fi ile Elaz\u0131\u011f&#8217;da in\u015faa edilen 1.Etap konutlar\u0131n kura \u00e7ekimi 1 Aral\u0131k 2012 Cumartesi g\u00fcn\u00fc saat 13.00 de yap\u0131lacakt\u0131r.<\/p>\n","protected":false},"author":1,"featured_media":2280,"comment_status":"closed","ping_status":"open","sticky":false,"template":"","format":"standard","meta":{"footnotes":""},"categories":[],"tags":[],"class_list":["post-2279","post","type-post","status-publish","format-standard","has-post-thumbnail"],"_links":{"self":[{"href":"https:\/\/haksen.org.tr\/index.php?rest_route=\/wp\/v2\/posts\/2279","targetHints":{"allow":["GET"]}}],"collection":[{"href":"https:\/\/haksen.org.tr\/index.php?rest_route=\/wp\/v2\/posts"}],"about":[{"href":"https:\/\/haksen.org.tr\/index.php?rest_route=\/wp\/v2\/types\/post"}],"author":[{"embeddable":true,"href":"https:\/\/haksen.org.tr\/index.php?rest_route=\/wp\/v2\/users\/1"}],"replies":[{"embeddable":true,"href":"https:\/\/haksen.org.tr\/index.php?rest_route=%2Fwp%2Fv2%2Fcomments&post=2279"}],"version-history":[{"count":0,"href":"https:\/\/haksen.org.tr\/index.php?rest_route=\/wp\/v2\/posts\/2279\/revisions"}],"wp:featuredmedia":[{"embeddable":true,"href":"https:\/\/haksen.org.tr\/index.php?rest_route=\/wp\/v2\/media\/2280"}],"wp:attachment":[{"href":"https:\/\/haksen.org.tr\/index.php?rest_route=%2Fwp%2Fv2%2Fmedia&parent=2279"}],"wp:term":[{"taxonomy":"category","embeddable":true,"href":"https:\/\/haksen.org.tr\/index.php?rest_route=%2Fwp%2Fv2%2Fcategories&post=2279"},{"taxonomy":"post_tag","embeddable":true,"href":"https:\/\/haksen.org.tr\/index.php?rest_route=%2Fwp%2Fv2%2Ftags&post=2279"}],"curies":[{"name":"wp","href":"https:\/\/api.w.org\/{rel}","templated":true}]}}