{"id":2277,"date":"2012-11-26T12:00:00","date_gmt":"2012-11-26T12:00:00","guid":{"rendered":"http:\/\/haksen.org.tr\/?p=2277"},"modified":"2012-11-26T12:00:00","modified_gmt":"2012-11-26T12:00:00","slug":"tuik-4-c-personele-onemli-duyuru","status":"publish","type":"post","link":"https:\/\/haksen.org.tr\/?p=2277","title":{"rendered":"T\u00dc\u0130K 4\/C Personele \u00d6nemli Duyuru"},"content":{"rendered":"<p>Bas\u0131nda da yer ald\u0131\u011f\u0131 \u00fczere, T\u00fcrkiye B\u00fcy\u00fck Millet Meclisi Plan VE B\u00fct\u00e7e Komisyonunda T\u00fcrkiye \u0130statistik Kurumu Ba\u015fkanl\u0131\u011f\u0131 B\u00fct\u00e7esinin g\u00f6r\u00fc\u015fmesi s\u0131ras\u0131nda verilen \u00f6nerge ile T\u00dc\u0130K\u2019de 657 say\u0131l\u0131 Yasan\u0131n 4\/C maddesine g\u00f6re g\u00f6rev yapan \u00e7al\u0131\u015fan personelin \u00e7al\u0131\u015fma stat\u00fcs\u00fcn\u00fcn de\u011fi\u015ftirildi\u011fi, personelin 4\/C yerine \u201cs\u00fcresi belli hizmet akdi\u201d ile \u00e7al\u0131\u015ft\u0131r\u0131laca\u011f\u0131 \u015feklinde haberlere yer verilmi\u015ftir.<\/p>\n<p>Bug\u00fcne kadar oldu\u011fu gibi \u00e7al\u0131\u015fanlar\u0131n do\u011fru bir \u015fekilde bilgilendirilmesi i\u00e7in Genel Ba\u015fkan Ayhan \u00c7ivi taraf\u0131ndan yap\u0131lan g\u00f6r\u00fc\u015fmeler sonucu, Plan ve B\u00fct\u00e7e Komisyonunda kabul edilen \u00f6nergenin orijinal metni temin edilmi\u015ftir.<\/p>\n<p>Metnin incelenmesinde, haberlerde belirtildi\u011fi gibi bir stat\u00fc de\u011fi\u015fikli\u011finin s\u00f6z konusu olmad\u0131\u011f\u0131 g\u00f6r\u00fclm\u00fc\u015ft\u00fcr.<\/p>\n<p>Ekte sunulan \u00f6nerge, T\u00dc\u0130K\u2019de 2013 y\u0131l\u0131nda \u00e7al\u0131\u015ft\u0131rt\u0131lacak ge\u00e7ici personelin say\u0131s\u0131n\u0131n 2100\u2019den 2200\u2019e \u00e7\u0131kar\u0131lmas\u0131 i\u00e7in verilmi\u015ftir. Burada kullan\u0131lan \u201cs\u00fcresi belirli hizmet akdi\u201d ibaresi ile halen 4\/C personelin her y\u0131l imzalad\u0131\u011f\u0131 s\u00f6zle\u015fme kastedilmektedir.<\/p>\n<p>Zira, T\u00dc\u0130K\u2019de g\u00f6rev yapan 4\/C personelin stat\u00fc de\u011fi\u015fikli\u011finin yap\u0131labilmesi i\u00e7in T\u00dc\u0130K Yasas\u0131nda de\u011fi\u015fiklik yap\u0131lmas\u0131 gerekmektedir. B\u00fct\u00e7e Kanunu ile b\u00f6yle bir de\u011fi\u015fikli\u011fin yap\u0131lmas\u0131 m\u00fcmk\u00fcn de\u011fildir.<\/p>\n<p>Sendikam\u0131z, T\u00fcik\u2019de 40 y\u0131l\u0131n\u0131 dolduran \u201c4\/C K\u00f6lelik D\u00fczeninine\u201d  son verilerek, t\u00fcm \u00e7al\u0131\u015fanlar\u0131n kadroya ge\u00e7irilmesi i\u00e7in m\u00fccadele vermektedir.<\/p>\n<p>Bu hakl\u0131 m\u00fccadelemizde ba\u015far\u0131l\u0131 olaca\u011f\u0131m\u0131zdan hi\u00e7bir ku\u015fkumuz bulunmamaktad\u0131r.<\/p>\n","protected":false},"excerpt":{"rendered":"<p>TBMM Plan ve B\u00fct\u00e7e Komisyonunda T\u00dc\u0130K 4\/C personelin stat\u00fcs\u00fcyle ilgili de\u011fi\u015fiklik yap\u0131ld\u0131\u011f\u0131 haberleri hakk\u0131nda a\u00e7\u0131klama.<\/p>\n","protected":false},"author":1,"featured_media":2278,"comment_status":"closed","ping_status":"open","sticky":false,"template":"","format":"standard","meta":{"footnotes":""},"categories":[],"tags":[],"class_list":["post-2277","post","type-post","status-publish","format-standard","has-post-thumbnail"],"_links":{"self":[{"href":"https:\/\/haksen.org.tr\/index.php?rest_route=\/wp\/v2\/posts\/2277","targetHints":{"allow":["GET"]}}],"collection":[{"href":"https:\/\/haksen.org.tr\/index.php?rest_route=\/wp\/v2\/posts"}],"about":[{"href":"https:\/\/haksen.org.tr\/index.php?rest_route=\/wp\/v2\/types\/post"}],"author":[{"embeddable":true,"href":"https:\/\/haksen.org.tr\/index.php?rest_route=\/wp\/v2\/users\/1"}],"replies":[{"embeddable":true,"href":"https:\/\/haksen.org.tr\/index.php?rest_route=%2Fwp%2Fv2%2Fcomments&post=2277"}],"version-history":[{"count":0,"href":"https:\/\/haksen.org.tr\/index.php?rest_route=\/wp\/v2\/posts\/2277\/revisions"}],"wp:featuredmedia":[{"embeddable":true,"href":"https:\/\/haksen.org.tr\/index.php?rest_route=\/wp\/v2\/media\/2278"}],"wp:attachment":[{"href":"https:\/\/haksen.org.tr\/index.php?rest_route=%2Fwp%2Fv2%2Fmedia&parent=2277"}],"wp:term":[{"taxonomy":"category","embeddable":true,"href":"https:\/\/haksen.org.tr\/index.php?rest_route=%2Fwp%2Fv2%2Fcategories&post=2277"},{"taxonomy":"post_tag","embeddable":true,"href":"https:\/\/haksen.org.tr\/index.php?rest_route=%2Fwp%2Fv2%2Ftags&post=2277"}],"curies":[{"name":"wp","href":"https:\/\/api.w.org\/{rel}","templated":true}]}}