{"id":2271,"date":"2012-11-19T12:00:00","date_gmt":"2012-11-19T12:00:00","guid":{"rendered":"http:\/\/haksen.org.tr\/?p=2271"},"modified":"2012-11-19T12:00:00","modified_gmt":"2012-11-19T12:00:00","slug":"civiyargi-calisanlarina-adalet-istiyoruz","status":"publish","type":"post","link":"https:\/\/haksen.org.tr\/?p=2271","title":{"rendered":"\u00c7ivi;&#8221;Yarg\u0131 \u00c7al\u0131\u015fanlar\u0131na Adalet \u0130stiyoruz&#8221;"},"content":{"rendered":"<p>&#8220;<a href=\"http:\/\/vimeo.com\/53844301\"> A\u00c7IKLAMAYI \u0130ZLEMEK \u0130\u00c7\u0130N TIKLAYINIZ<\/a>&#8221;<\/p>\n<p>Adalet Bakanl\u0131\u011f\u0131nca yarg\u0131 birimlerine g\u00f6nderilen 14.11.2012 tarihli yaz\u0131da; 2013 y\u0131l\u0131ndan itibaren serbest ula\u015f\u0131m kartlar\u0131n\u0131n verilmeyece\u011fi bildirilmi\u015ftir.  Bu karar sonucu, \u00f6zellikle b\u00fcy\u00fck \u015fehirlerde g\u00f6rev yapan personel her ay cebinden ortalama 200 TL ula\u015f\u0131m \u00fccreti \u00f6deyecektir.<\/p>\n<p>Ayr\u0131ca, pek \u00e7ok kamu kurumunda banka promosyonlar\u0131 t\u00fcm personele e\u015fit da\u011f\u0131t\u0131l\u0131rken, yarg\u0131 \u00e7al\u0131\u015fanlar\u0131 aras\u0131nda ayr\u0131mc\u0131l\u0131k yap\u0131larak maa\u015fa g\u00f6re \u00f6deme yap\u0131lm\u0131\u015ft\u0131r.<\/p>\n<p>Ankara B\u00f6lge \u0130dare Mahkemeleri \u00f6n\u00fcnde kitlesel bir bas\u0131n a\u00e7\u0131klamas\u0131 yapan Genel Ba\u015fkan Ayhan \u00c7ivi, yarg\u0131 \u00e7al\u0131\u015fanlar\u0131na adaletsizlik yap\u0131ld\u0131\u011f\u0131n\u0131 s\u00f6yledi.<\/p>\n<p>Sendika \u00fcyelerimizin kat\u0131l\u0131m\u0131 ile yap\u0131lan eylemde B\u00fcro Hak-Sen Hukuk Koordinat\u00f6r\u00fc Cevdet Telefoncu, yarg\u0131 \u00e7al\u0131\u015fanlar\u0131na yap\u0131lan haks\u0131zl\u0131klar\u0131n bulundu\u011fu dava dosyas\u0131n\u0131 ate\u015fe verdi.<\/p>\n<p>S\u0131k s\u0131k sloganlarla kesilen konu\u015fmas\u0131nda Genel Ba\u015fkan Ayhan \u00c7ivi \u015funlar\u0131 s\u00f6yledi;<\/p>\n<p>ADALET YAYA BIRAKILACAK.<\/p>\n<p>Adalet Bakanl\u0131\u011f\u0131nca 14 Kas\u0131m 2012 tarihinde t\u00fcm yarg\u0131 birimlerine g\u00f6nderilen yaz\u0131da;  \u201cpersonele hukuki ve ekonomik sebeplerle genel b\u00fct\u00e7e veya i\u015f yurtlar\u0131 b\u00fct\u00e7esinden 2013 y\u0131l\u0131ndan itibaren ula\u015f\u0131m i\u00e7in bilet yard\u0131m\u0131 yap\u0131lmayaca\u011f\u0131\u201d bildirilmi\u015ftir.<\/p>\n<p>Yaz\u0131da, neden b\u00f6yle bir karar\u0131n al\u0131nd\u0131\u011f\u0131yla ilgili hi\u00e7bir gerek\u00e7e belirtilmeden, sadece tek bir c\u00fcmle ile binlerce yarg\u0131 \u00e7al\u0131\u015fan\u0131n\u0131n y\u0131llardan beri kulland\u0131\u011f\u0131 serbest ula\u015f\u0131m kartlar\u0131n\u0131n 1 Ocak 2013 tarihinden itibaren iptal edildi\u011fi duyurulmu\u015ftur.<\/p>\n<p> Daha da a\u00e7\u0131k\u00e7as\u0131, \u00f6zellikle b\u00fcy\u00fck \u015fehirlerde g\u00f6rev yapan yarg\u0131 \u00e7al\u0131\u015fanlar\u0131 yaya b\u0131rak\u0131lm\u0131\u015ft\u0131r. Yarg\u0131 \u00e7al\u0131\u015fanlar\u0131n\u0131n cebinden her ay 200 TL daha belediye b\u00fct\u00e7esine aktar\u0131lacak demektir.<br \/>\nBu karar\u0131 alan Adalet Bakanl\u0131\u011f\u0131 yetkililerine soruyorum; <\/p>\n<p>Yarg\u0131 \u00e7al\u0131\u015fanlar\u0131yla ilgili hukuki ve ekonomik hangi yeni gerek\u00e7eler ortaya \u00e7\u0131kt\u0131 da bu karar\u0131 ald\u0131n\u0131z?<br \/>\nBinlerce \u00e7al\u0131\u015fana hangi yeni ekonomik ve sosyal imk\u00e2nlar\u0131 sundunuz da serbest ula\u015f\u0131m kartlar\u0131na g\u00f6z\u00fcn\u00fcz\u00fc diktiniz?<\/p>\n<p>\u00c7al\u0131\u015fanlara 2013 y\u0131l\u0131nda verece\u011finiz y\u00fczde 3.5 + 3.5 maa\u015f zamm\u0131na m\u0131 kar\u015f\u0131l\u0131k ula\u015f\u0131m kartlar\u0131n\u0131 iptal ettiniz?<\/p>\n<p>Elektri\u011fe, do\u011falgaza yap\u0131lan zamlar yetmiyor mu da \u015fimdi de ula\u015f\u0131m haklar\u0131n\u0131 elinden al\u0131yorsunuz?<br \/>\nBu karar\u0131 binlerce defa k\u0131n\u0131yoruz\u2026<\/p>\n<p>Bu kararla birlikte ADALET YAYA BIRAKILMI\u015eTIR.<\/p>\n<p>Bu karar\u0131n geri al\u0131narak Serbest Ula\u015f\u0131m Kartlar\u0131n\u0131n kullan\u0131lmas\u0131na devam edilmesini istiyoruz.<\/p>\n<p>YARGI \u00c7ALI\u015eANLARINA ADALETS\u0130ZL\u0130K YAPILIYOR.<\/p>\n<p>Adalet \u00e7al\u0131\u015fanlar\u0131n\u0131n maa\u015flar\u0131n\u0131n bankadan \u00f6denmesine kar\u015f\u0131l\u0131k olarak bankalarca verilen promosyonlar\u0131n\u0131n \u00f6denmesinde de \u00e7al\u0131\u015fanlara b\u00fcy\u00fck bir adaletsizlik yap\u0131lm\u0131\u015ft\u0131r.  Di\u011fer kamu kurumlar\u0131n\u0131n b\u00fcy\u00fck \u00e7o\u011funlu\u011funda t\u00fcm banka promosyonu personele e\u015fit bir \u015fekilde da\u011f\u0131t\u0131l\u0131rken, adalet \u00e7al\u0131\u015fanlar\u0131na ayr\u0131mc\u0131l\u0131k yap\u0131larak, \u00e7ok maa\u015f alan \u00e7ok aza maa\u015f alana az \u00f6deme yap\u0131lm\u0131\u015ft\u0131r.  <\/p>\n<p>Bu karar\u0131 al\u0131rken acaba gerek\u00e7e yine hukuki ve ekonomik miydi?  <\/p>\n<p>Yap\u0131lan uygulamalarla yarg\u0131 \u00e7al\u0131\u015fanlar\u0131 d\u0131\u015flanmaktad\u0131r. Yarg\u0131n\u0131n mutfa\u011f\u0131nda \u00e7al\u0131\u015fan adalet emek\u00e7ilerine yap\u0131lan bu haks\u0131zl\u0131klar\u0131 protesto ediyoruz. <\/p>\n<p>YARGI REFORMUNUN AKS\u0130NE UYGULAMALAR YAPILIYOR.<\/p>\n<p>\u00dclkemizdeki yarg\u0131 sistemiyle ilgili olarak haz\u0131rlanan yarg\u0131 reformunda yarg\u0131 \u00e7al\u0131\u015fanlar\u0131na y\u00f6nelik iyile\u015ftirme yap\u0131laca\u011f\u0131 s\u00f6ylenmektedir. Ancak, bu beyanlar\u0131n tam aksine uygulamalar yap\u0131lmaktad\u0131r.  2013 y\u0131l\u0131ndan itibaren fazla mesailerle ilgili belirsizlik devam ederken, serbest ula\u015f\u0131m kartlar\u0131n\u0131n iptal edilmesi bunun en \u00e7arp\u0131c\u0131 \u00f6rne\u011fidir.<\/p>\n<p>YARGI \u00c7ALI\u015eANLARININ \u0130\u015e SA\u011eLI\u011eI TEHL\u0130KEDE.<\/p>\n<p>Her g\u00fcn binlerce dosyan\u0131n i\u00e7inde bo\u011fu\u015fan, ar\u015fivde, b\u00fcroda bu dosyalar\u0131n tozunu yutan, her t\u00fcrl\u00fc mobbinge maruz kalan yarg\u0131 \u00e7al\u0131\u015fanlar\u0131n\u0131n i\u015f sa\u011fl\u0131\u011f\u0131 da tehdit alt\u0131ndad\u0131r.<\/p>\n<p>S\u00f6zde saraylar yaparak adaletin sa\u011flanmas\u0131 m\u00fcmk\u00fcn de\u011fildir. Adalet \u00f6nce kendi \u00e7al\u0131\u015fan\u0131na uygulanmal\u0131d\u0131r.<\/p>\n<h2 style='margin:20px 0;'>\u0130\u00e7erik Galerisi<\/h2>\n<p><img decoding=\"async\" src=\"wp-content\/uploads\/2016\/12\/588761422.JPG\" alt=\"\u00c7ivi;\"Yarg\u0131 \u00c7al\u0131\u015fanlar\u0131na Adalet \u0130stiyoruz\"\" style=\"width:100%;\" \/><\/p>\n<p><img decoding=\"async\" src=\"wp-content\/uploads\/2016\/12\/911163374.JPG\" alt=\"\u00c7ivi;\"Yarg\u0131 \u00c7al\u0131\u015fanlar\u0131na Adalet \u0130stiyoruz\"\" style=\"width:100%;\" \/><\/p>\n<p><img decoding=\"async\" src=\"wp-content\/uploads\/2016\/12\/215796618.JPG\" alt=\"\u00c7ivi;\"Yarg\u0131 \u00c7al\u0131\u015fanlar\u0131na Adalet \u0130stiyoruz\"\" style=\"width:100%;\" \/><\/p>\n<p><img decoding=\"async\" src=\"wp-content\/uploads\/2016\/12\/545448791.JPG\" alt=\"\u00c7ivi;\"Yarg\u0131 \u00c7al\u0131\u015fanlar\u0131na Adalet \u0130stiyoruz\"\" style=\"width:100%;\" \/><\/p>\n","protected":false},"excerpt":{"rendered":"<p>Yarg\u0131 \u00e7al\u0131\u015fanlar\u0131n\u0131n ula\u015f\u0131m kartlar\u0131n\u0131n iptalini ve di\u011fer haks\u0131z uygulamalar\u0131 Ankara B\u00f6lge \u0130dare Mahkemelerinin \u00f6n\u00fcnde protesto ettik.<\/p>\n","protected":false},"author":1,"featured_media":2272,"comment_status":"closed","ping_status":"open","sticky":false,"template":"","format":"standard","meta":{"footnotes":""},"categories":[],"tags":[],"class_list":["post-2271","post","type-post","status-publish","format-standard","has-post-thumbnail"],"_links":{"self":[{"href":"https:\/\/haksen.org.tr\/index.php?rest_route=\/wp\/v2\/posts\/2271","targetHints":{"allow":["GET"]}}],"collection":[{"href":"https:\/\/haksen.org.tr\/index.php?rest_route=\/wp\/v2\/posts"}],"about":[{"href":"https:\/\/haksen.org.tr\/index.php?rest_route=\/wp\/v2\/types\/post"}],"author":[{"embeddable":true,"href":"https:\/\/haksen.org.tr\/index.php?rest_route=\/wp\/v2\/users\/1"}],"replies":[{"embeddable":true,"href":"https:\/\/haksen.org.tr\/index.php?rest_route=%2Fwp%2Fv2%2Fcomments&post=2271"}],"version-history":[{"count":0,"href":"https:\/\/haksen.org.tr\/index.php?rest_route=\/wp\/v2\/posts\/2271\/revisions"}],"wp:featuredmedia":[{"embeddable":true,"href":"https:\/\/haksen.org.tr\/index.php?rest_route=\/wp\/v2\/media\/2272"}],"wp:attachment":[{"href":"https:\/\/haksen.org.tr\/index.php?rest_route=%2Fwp%2Fv2%2Fmedia&parent=2271"}],"wp:term":[{"taxonomy":"category","embeddable":true,"href":"https:\/\/haksen.org.tr\/index.php?rest_route=%2Fwp%2Fv2%2Fcategories&post=2271"},{"taxonomy":"post_tag","embeddable":true,"href":"https:\/\/haksen.org.tr\/index.php?rest_route=%2Fwp%2Fv2%2Ftags&post=2271"}],"curies":[{"name":"wp","href":"https:\/\/api.w.org\/{rel}","templated":true}]}}