{"id":2269,"date":"2012-11-15T12:00:00","date_gmt":"2012-11-15T12:00:00","guid":{"rendered":"http:\/\/haksen.org.tr\/?p=2269"},"modified":"2012-11-15T12:00:00","modified_gmt":"2012-11-15T12:00:00","slug":"maliye-personel-genel-mudurune-ziyaret","status":"publish","type":"post","link":"https:\/\/haksen.org.tr\/?p=2269","title":{"rendered":"Maliye Personel Genel M\u00fcd\u00fcr\u00fcne Ziyaret"},"content":{"rendered":"<p>G\u00f6r\u00fc\u015fmeye Haksen Y\u00f6netim Kurulu \u00fcyesi \u0130smet Ta\u015f ve B\u00fcro Hak-Sen Maliye \u015eube Ba\u015fkan\u0131 Tuncay Y\u0131ld\u0131r\u0131m kat\u0131ld\u0131lar.<\/p>\n<p>Genel Ba\u015fkan Ayhan \u00c7ivi, g\u00f6r\u00fc\u015fmede Maliye Bakanl\u0131\u011f\u0131nda g\u00f6rev yapan sendika \u00fcyelerimizin iletti\u011fi konular ve yap\u0131lan a\u00e7\u0131klamalar \u00f6zet olarak a\u015fa\u011f\u0131da sunulmu\u015ftur.<\/p>\n<p>1-Yard\u0131mc\u0131 hizmetli personelin g\u00f6revde y\u00fckselme s\u0131nav\u0131 ne zaman a\u00e7\u0131lacak?<\/p>\n<p>Yard\u0131mc\u0131 hizmetli personelin y\u00fcr\u00fctt\u00fc\u011f\u00fc hizmetlerin \u00f6zel firmalardan hizmet sat\u0131n al\u0131nmas\u0131 yoluyla y\u00fcr\u00fct\u00fclmesi i\u00e7in \u00e7al\u0131\u015fma yap\u0131ld\u0131\u011f\u0131, bu \u00e7al\u0131\u015fman\u0131n sonucuna g\u00f6re g\u00f6revde y\u00fckselme s\u0131nav a\u00e7\u0131laca\u011f\u0131 ifade edilmi\u015ftir.<\/p>\n<p>2-4\/C personele Fazla \u00c7al\u0131\u015fma yapt\u0131r\u0131lmas\u0131 i\u00e7in Defterdarl\u0131k ba\u015fvurular\u0131n\u0131n ak\u0131beti ne olacak?<\/p>\n<p>4\/C personele fiilen yap\u0131lan fazla \u00e7al\u0131\u015fma nedeniyle \u00fccret \u00f6denebilece\u011fi,   4\/C personelin fiili olarak fazla \u00e7al\u0131\u015fmas\u0131na olumlu bak\u0131lmad\u0131\u011f\u0131 belirtilmi\u015ftir.<\/p>\n<p>3-Kurum i\u00e7inden Defterdarl\u0131k Uzmanl\u0131\u011f\u0131na ge\u00e7i\u015f konusunda bir \u00e7al\u0131\u015fma olup olmad\u0131\u011f\u0131?<\/p>\n<p>Defterdarl\u0131k Uzmanl\u0131\u011f\u0131na kurum i\u00e7inden ge\u00e7i\u015f i\u00e7in herhangi bir d\u00fczenleme yap\u0131lmas\u0131n\u0131n s\u00f6z konusu olmad\u0131\u011f\u0131 s\u00f6ylenmi\u015ftir.<\/p>\n<p>4-Personel, Milli Emlak, Muhasebe M\u00fcd\u00fcr Yard\u0131mc\u0131l\u0131\u011f\u0131 s\u0131nav\u0131n\u0131n a\u00e7\u0131l\u0131p a\u00e7\u0131lmayaca\u011f\u0131?<\/p>\n<p>Bir y\u0131l M\u00fcd\u00fcrl\u00fck ertesi y\u0131l M\u00fcd\u00fcr Yard\u0131mc\u0131l\u0131\u011f\u0131 s\u0131nav\u0131 a\u00e7may\u0131 d\u00fc\u015f\u00fcnd\u00fcklerini ifade ettiler.<\/p>\n<p>5-\u015eeflerin \u00d6zel Hizmet Tazminatlar\u0131n\u0131n yetersizli\u011fi?<\/p>\n<p>Bu konuda bir \u00e7al\u0131\u015fman\u0131n olmad\u0131\u011f\u0131 belirtilmi\u015ftir.<\/p>\n<p>6-Sa\u011fl\u0131k Kurumlar\u0131 D\u00f6ner Sermaye Saymanl\u0131k M\u00fcd\u00fcrl\u00fcklerinde \u00e7al\u0131\u015fan personelin Kamu Hastaneleri kurumuna ge\u00e7i\u015fleriyle ilgili ne d\u00fc\u015f\u00fcnd\u00fckleri?<\/p>\n<p>Bu konudaki muvafakat taleplerinin de\u011ferlendirilece\u011fi ifade edilmi\u015ftir.  <\/p>\n<p>Say\u0131n Genel M\u00fcd\u00fcr\u00fcn g\u00f6r\u00fc\u015fmede ifade etti\u011fi hususlar a\u00e7\u0131k bir \u015fekilde yaz\u0131lm\u0131\u015ft\u0131r. <\/p>\n<p>Sendikam\u0131z \u00e7al\u0131\u015fanlar\u0131n hakl\u0131 taleplerinin yerine getirilmesi i\u00e7in m\u00fccadelesine devam edecektir.<\/p>\n","protected":false},"excerpt":{"rendered":"<p>Genel Ba\u015fkan Ayhan \u00c7ivi, Maliye Bakanl\u0131\u011f\u0131 Personel Genel M\u00fcd\u00fcr\u00fc Hasan \u015eahin\u2019i makam\u0131nda ziyaret etti.<\/p>\n","protected":false},"author":1,"featured_media":2270,"comment_status":"closed","ping_status":"open","sticky":false,"template":"","format":"standard","meta":{"footnotes":""},"categories":[],"tags":[],"class_list":["post-2269","post","type-post","status-publish","format-standard","has-post-thumbnail"],"_links":{"self":[{"href":"https:\/\/haksen.org.tr\/index.php?rest_route=\/wp\/v2\/posts\/2269","targetHints":{"allow":["GET"]}}],"collection":[{"href":"https:\/\/haksen.org.tr\/index.php?rest_route=\/wp\/v2\/posts"}],"about":[{"href":"https:\/\/haksen.org.tr\/index.php?rest_route=\/wp\/v2\/types\/post"}],"author":[{"embeddable":true,"href":"https:\/\/haksen.org.tr\/index.php?rest_route=\/wp\/v2\/users\/1"}],"replies":[{"embeddable":true,"href":"https:\/\/haksen.org.tr\/index.php?rest_route=%2Fwp%2Fv2%2Fcomments&post=2269"}],"version-history":[{"count":0,"href":"https:\/\/haksen.org.tr\/index.php?rest_route=\/wp\/v2\/posts\/2269\/revisions"}],"wp:featuredmedia":[{"embeddable":true,"href":"https:\/\/haksen.org.tr\/index.php?rest_route=\/wp\/v2\/media\/2270"}],"wp:attachment":[{"href":"https:\/\/haksen.org.tr\/index.php?rest_route=%2Fwp%2Fv2%2Fmedia&parent=2269"}],"wp:term":[{"taxonomy":"category","embeddable":true,"href":"https:\/\/haksen.org.tr\/index.php?rest_route=%2Fwp%2Fv2%2Fcategories&post=2269"},{"taxonomy":"post_tag","embeddable":true,"href":"https:\/\/haksen.org.tr\/index.php?rest_route=%2Fwp%2Fv2%2Ftags&post=2269"}],"curies":[{"name":"wp","href":"https:\/\/api.w.org\/{rel}","templated":true}]}}